{"id":9613,"date":"2020-10-25T19:53:09","date_gmt":"2020-10-25T18:53:09","guid":{"rendered":"http:\/\/www.gestingral.com\/gestingral\/?p=9613"},"modified":"2020-10-30T10:00:33","modified_gmt":"2020-10-30T09:00:33","slug":"nuevo-estado-de-alarma","status":"publish","type":"post","link":"https:\/\/www.gestingral.com\/es\/nuevo-estado-de-alarma\/","title":{"rendered":"NUEVO ESTADO DE ALARMA"},"content":{"rendered":"<div class=\"fusion-fullwidth fullwidth-box fusion-builder-row-1 fusion-flex-container nonhundred-percent-fullwidth non-hundred-percent-height-scrolling\" style=\"--awb-border-sizes-top:0px;--awb-border-sizes-bottom:0px;--awb-border-sizes-left:0px;--awb-border-sizes-right:0px;--awb-border-radius-top-left:0px;--awb-border-radius-top-right:0px;--awb-border-radius-bottom-right:0px;--awb-border-radius-bottom-left:0px;--awb-padding-top:0px;--awb-padding-right:0px;--awb-padding-left:0px;--awb-flex-wrap:wrap;\" ><div class=\"fusion-builder-row fusion-row fusion-flex-align-items-flex-start fusion-flex-content-wrap\" style=\"max-width:calc( 1260px + 0px );margin-left: calc(-0px \/ 2 );margin-right: calc(-0px \/ 2 );\"><div class=\"fusion-layout-column fusion_builder_column fusion-builder-column-0 fusion_builder_column_1_1 1_1 fusion-flex-column\" style=\"--awb-bg-size:cover;--awb-width-large:100%;--awb-margin-top-large:-15px;--awb-spacing-right-large:0px;--awb-margin-bottom-large:20px;--awb-spacing-left-large:0px;--awb-width-medium:100%;--awb-spacing-right-medium:0px;--awb-spacing-left-medium:0px;--awb-width-small:100%;--awb-spacing-right-small:0px;--awb-spacing-left-small:0px;\"><div class=\"fusion-column-wrapper fusion-flex-justify-content-flex-start fusion-content-layout-column\"><div class=\"fusion-text fusion-text-1\"><p><span style=\"color: #ff0000;\"><strong>Actualizaci\u00f3n:<\/strong> Se ha publicado el DOGC correspondiente por parte de la Generalitat, que regula lo siguiente aparte del Estado de Alarma:<\/span><\/p>\n<ul>\n<li><span style=\"color: #ff0000;\">La <strong>apertura al p\u00fablico de actividades de servicios, de comercio minorista y de restauraci\u00f3n <\/strong>ser\u00e1 <strong>como m\u00e1ximo hasta las 21:00h<\/strong>.<\/span><\/li>\n<li><span style=\"color: #ff0000;\">La prestaci\u00f3n de <strong>servicios a domicilio por parte de bares y restaurantes<\/strong> ser\u00e1 <strong>como m\u00e1ximo hasta las 22:00h<\/strong>.<\/span><\/li>\n<\/ul>\n<p><span style=\"color: #ff0000;\">Adem\u00e1s, la resoluci\u00f3n incluye algunas excepciones m\u00e1s que permiten la circulaci\u00f3n en horario nocturno:<\/span><\/p>\n<ul>\n<li><span style=\"color: #ff0000;\">Desplazamientos por necesidades de personas con transtornos de conducta, discapacidad o enfermedad que requiera actividad al exterior para si bienestar.<\/span><\/li>\n<li><span style=\"color: #ff0000;\">Cuidado de mascotas y animales de compa\u00f1\u00eda durante el tiempo imprescindible y siempre de manera individual en la franja horaria comprendida entre las 04:00h i les 06:00h.<\/span><\/li>\n<\/ul>\n<p><strong><u>DURACI\u00d3N<\/u><\/strong><\/p>\n<p>El Estado de Alarma ya est\u00e1 en vigor y durar\u00e1, como m\u00ednimo, hasta la media noche entre el d\u00eda 8 y 9 de noviembre. Las siguientes medidas que se explican a continuaci\u00f3n tambi\u00e9n est\u00e1n ya en vigor.<\/p>\n<p><strong><u>LIMITACI\u00d3N DEL N\u00daMERO DE PERSONAS<\/u><\/strong><\/p>\n<p>A pesar de que ya se aplicaba en Catalu\u00f1a, se limita a <strong>un m\u00e1ximo de 6 personas los encuentros y reuniones<\/strong>, tanto en \u00e1mbito privado como en \u00e1mbito p\u00fablico.<\/p>\n<p><strong><u>LIMITACI\u00d3N DE CIRCULACI\u00d3N EN HORARIO NOCTURNO<\/u><\/strong><\/p>\n<p><strong>Durante las 22:00h y las 6:00h* solo se podr\u00e1 circular por las v\u00edas y espacios de uso p\u00fablico para realizar las siguientes actividades<\/strong>:<\/p>\n<ol type=\"a\">\n<li>Adquisici\u00f3n de <strong>medicamentos<\/strong>, <strong>productos sanitarios<\/strong> y otros <strong>productos de primera necesidad<\/strong><\/li>\n<li>Asistencia a <strong>centros<\/strong>, servicios y establecimientos <strong>sanitarios<\/strong><\/li>\n<li>Asistencia a centres de atenci\u00f3n <strong>veterinaria por motivos de urgencia<\/strong><\/li>\n<li>Cumplimiento <strong>de obligaciones laborales<\/strong>, profesionales, empresariales, institucionales o legales.<\/li>\n<li><strong>Retorno al lugar de residencia<\/strong> habitual despu\u00e9s de haber realizado alguna de las actividades previstas.<\/li>\n<li><strong>Asistencia y cuidado<\/strong> a gente mayor, menores, dependientes, personas con discapacidad o persones especialmente vulnerables.<\/li>\n<li>Por causa de <strong>fuerza mayor<\/strong> o situaci\u00f3n de necesidad.<\/li>\n<li>Cualquier otra actividad de an\u00e1loga naturaleza, debidamente acreditada.<\/li>\n<li><strong>Repostaje en gasolineras <\/strong>o estaciones de servicio, <strong>cuando resulte necesario<\/strong> para la realizaci\u00f3n de les actividades previstas en los apartados anteriores.<\/li>\n<\/ol>\n<p>Para realizar los desplazamientos y actividades permitidas, el Departament d\u2019Interior de la Generalitat de Catalunya ha solicitado que <strong>se haga uso del <a href=\"https:\/\/certificatdes.confinapp.cat#\/\">certificado de autoresponsabilidad<\/a>, que se puede descargar desde <a href=\"https:\/\/certificatdes.confinapp.cat#\/\">aqu\u00ed<\/a>.<\/strong><\/p>\n<p>* La aplicaci\u00f3n de este horario es para Catalunya. Cada comunidad aut\u00f3noma puede modificar las horas de limitaci\u00f3n, iniciando entre les 22:00h i les 0:00h y finalizando entre les 5:00h i les 7:00h.<\/p>\n<p><strong><u>LIMITACI\u00d3N DE ENTRADA Y SALIDA ENTRE COMUNIDADES AUT\u00d3NOMAS*<\/u><\/strong><\/p>\n<p>Se proh\u00edbe la entrada y salida de personas del territorio de cada comunidad aut\u00f3noma, excepto para los siguientes motivos:<\/p>\n<ul>\n<li>Los descritos en el apartado anterior con las letras \u201cb\u201d, \u201cd\u201d, \u201ce\u201d, \u201cf\u201d, \u201cg\u201d o \u201ch\u201d.<\/li>\n<li>Asistencia a centros universitarios, docentes y educativos.<\/li>\n<li>Desplazamientos a entidades financieras y de seguros o estaciones de repostaje en territorios lim\u00edtrofes.<\/li>\n<li>Actuaciones requeridas o urgentes frente a \u00f3rganos p\u00fablicos, judiciales o notariales.<\/li>\n<li>Renovaci\u00f3n de permisos y documentaci\u00f3n oficial, y otros tr\u00e1mites administrativos inaplazables.<\/li>\n<li>Realizaci\u00f3n de ex\u00e1menes o pruebas oficiales inaplazables.<\/li>\n<\/ul>\n<p>Entre las 06:00h del viernes y las 06:00h del lunes se limita la mobilidad dentro del propio municipio de residencia, excepto para actividades deportivas individuales, que se permiten entre municipios lim\u00edtrofos.<\/p>\n<p><strong><u>\u00bfEL RESTO DE MEDIDAS SIGUEN VIGENTES?<\/u><\/strong><\/p>\n<p><strong>La resta de medidas que se hab\u00edan aprobado siguen vigentes<\/strong>, como por ejemplo, el cierre de bares y restaurantes y las limitaciones de aforo en comercios y empresas de servicio, entre otras, que explic\u00e1bamos en este <a href=\"http:\/\/www.gestingral.com\/2a-onada-noves-restriccions\/\">v\u00eddeo<\/a>.<\/p>\n<\/div><\/div><\/div><\/div><\/div>\n","protected":false},"excerpt":{"rendered":"","protected":false},"author":6,"featured_media":7728,"comment_status":"closed","ping_status":"open","sticky":false,"template":"","format":"standard","meta":{"footnotes":""},"categories":[508,472,473],"tags":[],"class_list":["post-9613","post","type-post","status-publish","format-standard","has-post-thumbnail","hentry","category-autonomos-es","category-empresas-es","category-particulares-es"],"yoast_head":"<!-- This site is optimized with the Yoast SEO plugin v27.5 - https:\/\/yoast.com\/product\/yoast-seo-wordpress\/ -->\n<title>NUEVO ESTADO DE ALARMA &#8226; Serveis d&#039;assessoria i gestoria.<\/title>\n<meta name=\"robots\" content=\"index, follow, max-snippet:-1, max-image-preview:large, max-video-preview:-1\" \/>\n<link rel=\"canonical\" href=\"https:\/\/www.gestingral.com\/es\/nuevo-estado-de-alarma\/\" \/>\n<meta property=\"og:locale\" content=\"es_ES\" \/>\n<meta property=\"og:type\" content=\"article\" \/>\n<meta property=\"og:title\" content=\"NUEVO ESTADO DE ALARMA &#8226; Serveis d&#039;assessoria i gestoria.\" \/>\n<meta property=\"og:url\" content=\"https:\/\/www.gestingral.com\/es\/nuevo-estado-de-alarma\/\" \/>\n<meta property=\"og:site_name\" content=\"Gestingral Assessoria a Vilanova i la Geltr\u00fa.\" \/>\n<meta property=\"article:publisher\" content=\"https:\/\/www.facebook.com\/Gestingral\" \/>\n<meta property=\"article:published_time\" content=\"2020-10-25T18:53:09+00:00\" \/>\n<meta property=\"article:modified_time\" content=\"2020-10-30T09:00:33+00:00\" \/>\n<meta property=\"og:image\" content=\"https:\/\/www.gestingral.com\/wp-content\/uploads\/2020\/03\/c19.png\" \/>\n\t<meta property=\"og:image:width\" content=\"400\" \/>\n\t<meta property=\"og:image:height\" content=\"200\" \/>\n\t<meta property=\"og:image:type\" content=\"image\/png\" \/>\n<meta name=\"author\" content=\"Sergi Pujol Lopez\" \/>\n<meta name=\"twitter:card\" content=\"summary_large_image\" \/>\n<meta name=\"twitter:creator\" content=\"@gestingral\" \/>\n<meta name=\"twitter:site\" content=\"@gestingral\" \/>\n<meta name=\"twitter:label1\" content=\"Escrito por\" \/>\n\t<meta name=\"twitter:data1\" content=\"Sergi Pujol Lopez\" \/>\n\t<meta name=\"twitter:label2\" content=\"Tiempo de lectura\" \/>\n\t<meta name=\"twitter:data2\" content=\"4 minutos\" \/>\n<script type=\"application\/ld+json\" class=\"yoast-schema-graph\">{\"@context\":\"https:\\\/\\\/schema.org\",\"@graph\":[{\"@type\":\"Article\",\"@id\":\"https:\\\/\\\/www.gestingral.com\\\/es\\\/nuevo-estado-de-alarma\\\/#article\",\"isPartOf\":{\"@id\":\"https:\\\/\\\/www.gestingral.com\\\/es\\\/nuevo-estado-de-alarma\\\/\"},\"author\":{\"name\":\"Sergi Pujol Lopez\",\"@id\":\"https:\\\/\\\/www.gestingral.com\\\/es\\\/#\\\/schema\\\/person\\\/692b3d91aafe1f593dca3f67838304c1\"},\"headline\":\"NUEVO ESTADO DE ALARMA\",\"datePublished\":\"2020-10-25T18:53:09+00:00\",\"dateModified\":\"2020-10-30T09:00:33+00:00\",\"mainEntityOfPage\":{\"@id\":\"https:\\\/\\\/www.gestingral.com\\\/es\\\/nuevo-estado-de-alarma\\\/\"},\"wordCount\":888,\"publisher\":{\"@id\":\"https:\\\/\\\/www.gestingral.com\\\/es\\\/#organization\"},\"image\":{\"@id\":\"https:\\\/\\\/www.gestingral.com\\\/es\\\/nuevo-estado-de-alarma\\\/#primaryimage\"},\"thumbnailUrl\":\"https:\\\/\\\/www.gestingral.com\\\/wp-content\\\/uploads\\\/2020\\\/03\\\/c19.png\",\"articleSection\":[\"Aut\u00f3nomos\",\"Empresas\",\"Particulares\"],\"inLanguage\":\"es\"},{\"@type\":\"WebPage\",\"@id\":\"https:\\\/\\\/www.gestingral.com\\\/es\\\/nuevo-estado-de-alarma\\\/\",\"url\":\"https:\\\/\\\/www.gestingral.com\\\/es\\\/nuevo-estado-de-alarma\\\/\",\"name\":\"NUEVO ESTADO DE ALARMA &#8226; Serveis d'assessoria i gestoria.\",\"isPartOf\":{\"@id\":\"https:\\\/\\\/www.gestingral.com\\\/es\\\/#website\"},\"primaryImageOfPage\":{\"@id\":\"https:\\\/\\\/www.gestingral.com\\\/es\\\/nuevo-estado-de-alarma\\\/#primaryimage\"},\"image\":{\"@id\":\"https:\\\/\\\/www.gestingral.com\\\/es\\\/nuevo-estado-de-alarma\\\/#primaryimage\"},\"thumbnailUrl\":\"https:\\\/\\\/www.gestingral.com\\\/wp-content\\\/uploads\\\/2020\\\/03\\\/c19.png\",\"datePublished\":\"2020-10-25T18:53:09+00:00\",\"dateModified\":\"2020-10-30T09:00:33+00:00\",\"breadcrumb\":{\"@id\":\"https:\\\/\\\/www.gestingral.com\\\/es\\\/nuevo-estado-de-alarma\\\/#breadcrumb\"},\"inLanguage\":\"es\",\"potentialAction\":[{\"@type\":\"ReadAction\",\"target\":[\"https:\\\/\\\/www.gestingral.com\\\/es\\\/nuevo-estado-de-alarma\\\/\"]}]},{\"@type\":\"ImageObject\",\"inLanguage\":\"es\",\"@id\":\"https:\\\/\\\/www.gestingral.com\\\/es\\\/nuevo-estado-de-alarma\\\/#primaryimage\",\"url\":\"https:\\\/\\\/www.gestingral.com\\\/wp-content\\\/uploads\\\/2020\\\/03\\\/c19.png\",\"contentUrl\":\"https:\\\/\\\/www.gestingral.com\\\/wp-content\\\/uploads\\\/2020\\\/03\\\/c19.png\",\"width\":400,\"height\":200,\"caption\":\"Novetats Covid19\"},{\"@type\":\"BreadcrumbList\",\"@id\":\"https:\\\/\\\/www.gestingral.com\\\/es\\\/nuevo-estado-de-alarma\\\/#breadcrumb\",\"itemListElement\":[{\"@type\":\"ListItem\",\"position\":1,\"name\":\"Portada\",\"item\":\"https:\\\/\\\/www.gestingral.com\\\/es\\\/\"},{\"@type\":\"ListItem\",\"position\":2,\"name\":\"NUEVO ESTADO DE ALARMA\"}]},{\"@type\":\"WebSite\",\"@id\":\"https:\\\/\\\/www.gestingral.com\\\/es\\\/#website\",\"url\":\"https:\\\/\\\/www.gestingral.com\\\/es\\\/\",\"name\":\"Gestingral Assessoria a Vilanova i la Geltr\u00fa.\",\"description\":\"Assessors - Consultors - Advocats\",\"publisher\":{\"@id\":\"https:\\\/\\\/www.gestingral.com\\\/es\\\/#organization\"},\"potentialAction\":[{\"@type\":\"SearchAction\",\"target\":{\"@type\":\"EntryPoint\",\"urlTemplate\":\"https:\\\/\\\/www.gestingral.com\\\/es\\\/?s={search_term_string}\"},\"query-input\":{\"@type\":\"PropertyValueSpecification\",\"valueRequired\":true,\"valueName\":\"search_term_string\"}}],\"inLanguage\":\"es\"},{\"@type\":\"Organization\",\"@id\":\"https:\\\/\\\/www.gestingral.com\\\/es\\\/#organization\",\"name\":\"Gestingral Assessoria\",\"url\":\"https:\\\/\\\/www.gestingral.com\\\/es\\\/\",\"logo\":{\"@type\":\"ImageObject\",\"inLanguage\":\"es\",\"@id\":\"https:\\\/\\\/www.gestingral.com\\\/es\\\/#\\\/schema\\\/logo\\\/image\\\/\",\"url\":\"https:\\\/\\\/www.gestingral.com\\\/wp-content\\\/uploads\\\/2021\\\/03\\\/gestingral-logo-retina.png\",\"contentUrl\":\"https:\\\/\\\/www.gestingral.com\\\/wp-content\\\/uploads\\\/2021\\\/03\\\/gestingral-logo-retina.png\",\"width\":340,\"height\":342,\"caption\":\"Gestingral Assessoria\"},\"image\":{\"@id\":\"https:\\\/\\\/www.gestingral.com\\\/es\\\/#\\\/schema\\\/logo\\\/image\\\/\"},\"sameAs\":[\"https:\\\/\\\/www.facebook.com\\\/Gestingral\",\"https:\\\/\\\/x.com\\\/gestingral\",\"https:\\\/\\\/www.instagram.com\\\/gestingral\",\"https:\\\/\\\/www.linkedin.com\\\/company\\\/gestingral\"]},{\"@type\":\"Person\",\"@id\":\"https:\\\/\\\/www.gestingral.com\\\/es\\\/#\\\/schema\\\/person\\\/692b3d91aafe1f593dca3f67838304c1\",\"name\":\"Sergi Pujol Lopez\",\"image\":{\"@type\":\"ImageObject\",\"inLanguage\":\"es\",\"@id\":\"https:\\\/\\\/secure.gravatar.com\\\/avatar\\\/e392f65d731d0f3356f4bd58b49881bb72aa3cd28fd7183113b372ab06cccb0b?s=96&d=mm&r=g\",\"url\":\"https:\\\/\\\/secure.gravatar.com\\\/avatar\\\/e392f65d731d0f3356f4bd58b49881bb72aa3cd28fd7183113b372ab06cccb0b?s=96&d=mm&r=g\",\"contentUrl\":\"https:\\\/\\\/secure.gravatar.com\\\/avatar\\\/e392f65d731d0f3356f4bd58b49881bb72aa3cd28fd7183113b372ab06cccb0b?s=96&d=mm&r=g\",\"caption\":\"Sergi Pujol Lopez\"},\"url\":\"https:\\\/\\\/www.gestingral.com\\\/es\\\/author\\\/spujol\\\/\"}]}<\/script>\n<!-- \/ Yoast SEO plugin. -->","yoast_head_json":{"title":"NUEVO ESTADO DE ALARMA &#8226; Serveis d'assessoria i gestoria.","robots":{"index":"index","follow":"follow","max-snippet":"max-snippet:-1","max-image-preview":"max-image-preview:large","max-video-preview":"max-video-preview:-1"},"canonical":"https:\/\/www.gestingral.com\/es\/nuevo-estado-de-alarma\/","og_locale":"es_ES","og_type":"article","og_title":"NUEVO ESTADO DE ALARMA &#8226; Serveis d'assessoria i gestoria.","og_url":"https:\/\/www.gestingral.com\/es\/nuevo-estado-de-alarma\/","og_site_name":"Gestingral Assessoria a Vilanova i la Geltr\u00fa.","article_publisher":"https:\/\/www.facebook.com\/Gestingral","article_published_time":"2020-10-25T18:53:09+00:00","article_modified_time":"2020-10-30T09:00:33+00:00","og_image":[{"width":400,"height":200,"url":"https:\/\/www.gestingral.com\/wp-content\/uploads\/2020\/03\/c19.png","type":"image\/png"}],"author":"Sergi Pujol Lopez","twitter_card":"summary_large_image","twitter_creator":"@gestingral","twitter_site":"@gestingral","twitter_misc":{"Escrito por":"Sergi Pujol Lopez","Tiempo de lectura":"4 minutos"},"schema":{"@context":"https:\/\/schema.org","@graph":[{"@type":"Article","@id":"https:\/\/www.gestingral.com\/es\/nuevo-estado-de-alarma\/#article","isPartOf":{"@id":"https:\/\/www.gestingral.com\/es\/nuevo-estado-de-alarma\/"},"author":{"name":"Sergi Pujol Lopez","@id":"https:\/\/www.gestingral.com\/es\/#\/schema\/person\/692b3d91aafe1f593dca3f67838304c1"},"headline":"NUEVO ESTADO DE ALARMA","datePublished":"2020-10-25T18:53:09+00:00","dateModified":"2020-10-30T09:00:33+00:00","mainEntityOfPage":{"@id":"https:\/\/www.gestingral.com\/es\/nuevo-estado-de-alarma\/"},"wordCount":888,"publisher":{"@id":"https:\/\/www.gestingral.com\/es\/#organization"},"image":{"@id":"https:\/\/www.gestingral.com\/es\/nuevo-estado-de-alarma\/#primaryimage"},"thumbnailUrl":"https:\/\/www.gestingral.com\/wp-content\/uploads\/2020\/03\/c19.png","articleSection":["Aut\u00f3nomos","Empresas","Particulares"],"inLanguage":"es"},{"@type":"WebPage","@id":"https:\/\/www.gestingral.com\/es\/nuevo-estado-de-alarma\/","url":"https:\/\/www.gestingral.com\/es\/nuevo-estado-de-alarma\/","name":"NUEVO ESTADO DE ALARMA &#8226; Serveis d'assessoria i gestoria.","isPartOf":{"@id":"https:\/\/www.gestingral.com\/es\/#website"},"primaryImageOfPage":{"@id":"https:\/\/www.gestingral.com\/es\/nuevo-estado-de-alarma\/#primaryimage"},"image":{"@id":"https:\/\/www.gestingral.com\/es\/nuevo-estado-de-alarma\/#primaryimage"},"thumbnailUrl":"https:\/\/www.gestingral.com\/wp-content\/uploads\/2020\/03\/c19.png","datePublished":"2020-10-25T18:53:09+00:00","dateModified":"2020-10-30T09:00:33+00:00","breadcrumb":{"@id":"https:\/\/www.gestingral.com\/es\/nuevo-estado-de-alarma\/#breadcrumb"},"inLanguage":"es","potentialAction":[{"@type":"ReadAction","target":["https:\/\/www.gestingral.com\/es\/nuevo-estado-de-alarma\/"]}]},{"@type":"ImageObject","inLanguage":"es","@id":"https:\/\/www.gestingral.com\/es\/nuevo-estado-de-alarma\/#primaryimage","url":"https:\/\/www.gestingral.com\/wp-content\/uploads\/2020\/03\/c19.png","contentUrl":"https:\/\/www.gestingral.com\/wp-content\/uploads\/2020\/03\/c19.png","width":400,"height":200,"caption":"Novetats Covid19"},{"@type":"BreadcrumbList","@id":"https:\/\/www.gestingral.com\/es\/nuevo-estado-de-alarma\/#breadcrumb","itemListElement":[{"@type":"ListItem","position":1,"name":"Portada","item":"https:\/\/www.gestingral.com\/es\/"},{"@type":"ListItem","position":2,"name":"NUEVO ESTADO DE ALARMA"}]},{"@type":"WebSite","@id":"https:\/\/www.gestingral.com\/es\/#website","url":"https:\/\/www.gestingral.com\/es\/","name":"Gestingral Assessoria a Vilanova i la Geltr\u00fa.","description":"Assessors - Consultors - Advocats","publisher":{"@id":"https:\/\/www.gestingral.com\/es\/#organization"},"potentialAction":[{"@type":"SearchAction","target":{"@type":"EntryPoint","urlTemplate":"https:\/\/www.gestingral.com\/es\/?s={search_term_string}"},"query-input":{"@type":"PropertyValueSpecification","valueRequired":true,"valueName":"search_term_string"}}],"inLanguage":"es"},{"@type":"Organization","@id":"https:\/\/www.gestingral.com\/es\/#organization","name":"Gestingral Assessoria","url":"https:\/\/www.gestingral.com\/es\/","logo":{"@type":"ImageObject","inLanguage":"es","@id":"https:\/\/www.gestingral.com\/es\/#\/schema\/logo\/image\/","url":"https:\/\/www.gestingral.com\/wp-content\/uploads\/2021\/03\/gestingral-logo-retina.png","contentUrl":"https:\/\/www.gestingral.com\/wp-content\/uploads\/2021\/03\/gestingral-logo-retina.png","width":340,"height":342,"caption":"Gestingral Assessoria"},"image":{"@id":"https:\/\/www.gestingral.com\/es\/#\/schema\/logo\/image\/"},"sameAs":["https:\/\/www.facebook.com\/Gestingral","https:\/\/x.com\/gestingral","https:\/\/www.instagram.com\/gestingral","https:\/\/www.linkedin.com\/company\/gestingral"]},{"@type":"Person","@id":"https:\/\/www.gestingral.com\/es\/#\/schema\/person\/692b3d91aafe1f593dca3f67838304c1","name":"Sergi Pujol Lopez","image":{"@type":"ImageObject","inLanguage":"es","@id":"https:\/\/secure.gravatar.com\/avatar\/e392f65d731d0f3356f4bd58b49881bb72aa3cd28fd7183113b372ab06cccb0b?s=96&d=mm&r=g","url":"https:\/\/secure.gravatar.com\/avatar\/e392f65d731d0f3356f4bd58b49881bb72aa3cd28fd7183113b372ab06cccb0b?s=96&d=mm&r=g","contentUrl":"https:\/\/secure.gravatar.com\/avatar\/e392f65d731d0f3356f4bd58b49881bb72aa3cd28fd7183113b372ab06cccb0b?s=96&d=mm&r=g","caption":"Sergi Pujol Lopez"},"url":"https:\/\/www.gestingral.com\/es\/author\/spujol\/"}]}},"_links":{"self":[{"href":"https:\/\/www.gestingral.com\/es\/wp-json\/wp\/v2\/posts\/9613","targetHints":{"allow":["GET"]}}],"collection":[{"href":"https:\/\/www.gestingral.com\/es\/wp-json\/wp\/v2\/posts"}],"about":[{"href":"https:\/\/www.gestingral.com\/es\/wp-json\/wp\/v2\/types\/post"}],"author":[{"embeddable":true,"href":"https:\/\/www.gestingral.com\/es\/wp-json\/wp\/v2\/users\/6"}],"replies":[{"embeddable":true,"href":"https:\/\/www.gestingral.com\/es\/wp-json\/wp\/v2\/comments?post=9613"}],"version-history":[{"count":0,"href":"https:\/\/www.gestingral.com\/es\/wp-json\/wp\/v2\/posts\/9613\/revisions"}],"wp:featuredmedia":[{"embeddable":true,"href":"https:\/\/www.gestingral.com\/es\/wp-json\/wp\/v2\/media\/7728"}],"wp:attachment":[{"href":"https:\/\/www.gestingral.com\/es\/wp-json\/wp\/v2\/media?parent=9613"}],"wp:term":[{"taxonomy":"category","embeddable":true,"href":"https:\/\/www.gestingral.com\/es\/wp-json\/wp\/v2\/categories?post=9613"},{"taxonomy":"post_tag","embeddable":true,"href":"https:\/\/www.gestingral.com\/es\/wp-json\/wp\/v2\/tags?post=9613"}],"curies":[{"name":"wp","href":"https:\/\/api.w.org\/{rel}","templated":true}]}}