{"id":5799,"date":"2018-12-28T12:46:49","date_gmt":"2018-12-28T11:46:49","guid":{"rendered":"http:\/\/www.gestingral.com\/gestingral\/calendari-laboral-2019\/"},"modified":"2019-01-14T16:28:41","modified_gmt":"2019-01-14T15:28:41","slug":"calendario-laboral-2019","status":"publish","type":"post","link":"https:\/\/www.gestingral.com\/es\/calendario-laboral-2019\/","title":{"rendered":"Calendario Laboral 2019"},"content":{"rendered":"<div class=\"fusion-fullwidth fullwidth-box fusion-builder-row-1 fusion-flex-container nonhundred-percent-fullwidth non-hundred-percent-height-scrolling\" style=\"--awb-border-radius-top-left:0px;--awb-border-radius-top-right:0px;--awb-border-radius-bottom-right:0px;--awb-border-radius-bottom-left:0px;--awb-padding-top:0px;--awb-padding-right:0px;--awb-padding-bottom:0px;--awb-padding-left:0px;--awb-border-sizes-top:0px;--awb-border-sizes-bottom:0px;--awb-flex-wrap:wrap;\" ><div class=\"fusion-builder-row fusion-row fusion-flex-align-items-flex-start fusion-flex-content-wrap\" style=\"max-width:calc( 1260px + 0px );margin-left: calc(-0px \/ 2 );margin-right: calc(-0px \/ 2 );\"><div class=\"fusion-layout-column fusion_builder_column fusion-builder-column-0 fusion_builder_column_1_1 1_1 fusion-flex-column\" style=\"--awb-bg-size:cover;--awb-width-large:100%;--awb-margin-top-large:-15px;--awb-spacing-right-large:0px;--awb-margin-bottom-large:20px;--awb-spacing-left-large:0px;--awb-width-medium:100%;--awb-spacing-right-medium:0px;--awb-spacing-left-medium:0px;--awb-width-small:100%;--awb-spacing-right-small:0px;--awb-spacing-left-small:0px;\"><div class=\"fusion-column-wrapper fusion-flex-justify-content-flex-start fusion-content-layout-column\"><div class=\"fusion-image-element \" style=\"text-align:center;--awb-caption-title-font-family:var(--h2_typography-font-family);--awb-caption-title-font-weight:var(--h2_typography-font-weight);--awb-caption-title-font-style:var(--h2_typography-font-style);--awb-caption-title-size:var(--h2_typography-font-size);--awb-caption-title-transform:var(--h2_typography-text-transform);--awb-caption-title-line-height:var(--h2_typography-line-height);--awb-caption-title-letter-spacing:var(--h2_typography-letter-spacing);\"><span class=\" fusion-imageframe imageframe-none imageframe-1 hover-type-none fusion-animated\" style=\"border-radius:12px;\" data-animationType=\"fadeInUp\" data-animationDuration=\"0.3\" data-animationOffset=\"top-into-view\"><a class=\"fusion-no-lightbox\" href=\"https:\/\/acumbamail.com\/envio\/ver\/897b3632-0773-11e9-a467-005056bd5094\/\" target=\"_blank\" aria-label=\"calendari-laboral-2019-cap\u00e7alera\" rel=\"noopener noreferrer\"><img decoding=\"async\" width=\"1198\" height=\"218\" alt=\"Calendari Laboral 2019 oficial per municipis\" src=\"http:\/\/www.gestingral.com\/wp-content\/uploads\/2019\/01\/calendari-laboral-2019-cap\u00e7alera.jpg\" class=\"img-responsive wp-image-5445\" srcset=\"https:\/\/www.gestingral.com\/wp-content\/uploads\/2019\/01\/calendari-laboral-2019-cap\u00e7alera-200x36.jpg 200w, https:\/\/www.gestingral.com\/wp-content\/uploads\/2019\/01\/calendari-laboral-2019-cap\u00e7alera-400x73.jpg 400w, https:\/\/www.gestingral.com\/wp-content\/uploads\/2019\/01\/calendari-laboral-2019-cap\u00e7alera-600x109.jpg 600w, https:\/\/www.gestingral.com\/wp-content\/uploads\/2019\/01\/calendari-laboral-2019-cap\u00e7alera-800x146.jpg 800w, https:\/\/www.gestingral.com\/wp-content\/uploads\/2019\/01\/calendari-laboral-2019-cap\u00e7alera.jpg 1198w\" sizes=\"(max-width: 640px) 100vw, 1198px\" \/><\/a><\/span><\/div><div class=\"fusion-separator fusion-full-width-sep\" style=\"align-self: center;margin-left: auto;margin-right: auto;margin-top:10px;margin-bottom:10px;width:100%;\"><\/div><div class=\"fusion-text fusion-text-1\"><p class=\"aligncenter\" style=\"text-align: left;\">Volem informar-lo del <strong>Calendari Laboral<\/strong> per al proper any 2019, amb els dies festius corresponents, segons s&#8217;estableix en el <strong>Calendari Oficial de Festes Laborals<\/strong> per a l\u2019any 2019.<\/p>\n<p>Les festes laborals a Catalunya durant l&#8217;any 2019 s\u00f3n les seg\u00fcents:<\/p>\n<ul>\n<li>1 de gener \u00b7 Cap d&#8217;Any<\/li>\n<li>19 d&#8217;abril \u00b7 Divendres Sant<\/li>\n<li>22 d&#8217;abril \u00b7 Dilluns de Pasqua Florida<\/li>\n<li>1 de maig \u00b7 Dia del Treball<\/li>\n<li>24 de juny \u00b7 Sant Joan<\/li>\n<li>15 d&#8217;agost \u00b7 l&#8217;Assumpci\u00f3<\/li>\n<li>11 de setembre \u00b7 Diada Nacional de Catalunya<\/li>\n<li>12 d&#8217;octubre \u00b7 Festa Nacional d&#8217;Espanya<\/li>\n<li>1 de novembre \u00b7 Tots Sants<\/li>\n<li>6 de desembre \u00b7 Dia de la Constituci\u00f3<\/li>\n<li>25 de desembre \u00b7 Nadal<\/li>\n<li>26 de desembre \u00b7 Sant Esteve<\/li>\n<\/ul>\n<\/div><div class=\"fusion-separator\" style=\"align-self: center;margin-left: auto;margin-right: auto;margin-top:20px;margin-bottom:20px;width:100%;max-width:50%;\"><div class=\"fusion-separator-border sep-single sep-solid\" style=\"--awb-height:20px;--awb-amount:20px;border-color:#e8ebef;border-top-width:1px;\"><\/div><\/div><div class=\"fusion-title title fusion-title-1 fusion-sep-none fusion-title-center fusion-title-text fusion-title-size-two\" style=\"--awb-margin-bottom:10px;--awb-margin-top-small:10px;--awb-margin-right-small:0px;--awb-margin-bottom-small:20px;--awb-margin-left-small:0px;--awb-sep-color:rgba(224,222,222,0);--awb-font-size:15px;\"><h2 class=\"fusion-title-heading title-heading-center\" style=\"margin:0;font-size:1em;\"><p style=\"text-align: center;\">Podeu veure el Calendari Laboral 2019 complet en el seg\u00fcent enlla\u00e7:<\/p><\/h2><\/div><div style=\"text-align:center;\"><a class=\"fusion-button button-flat fusion-button-default-size button-default fusion-button-default button-1 fusion-button-default-span fusion-button-default-type\" target=\"_blank\" rel=\"noopener noreferrer\" href=\"http:\/\/web.gencat.cat\/ca\/actualitat\/reportatges\/calendarilaboral\/calendari-laboral-2019\"><i class=\"fa-calendar-alt far awb-button__icon awb-button__icon--default button-icon-left\" aria-hidden=\"true\"><\/i><span class=\"fusion-button-text awb-button__text awb-button__text--default\">Calendari Laboral Oficial de Festes per al 2019<\/span><\/a><\/div><div class=\"fusion-separator\" style=\"align-self: center;margin-left: auto;margin-right: auto;margin-top:20px;margin-bottom:20px;width:100%;max-width:70%;\"><\/div><div class=\"fusion-text fusion-text-2\"><p class=\"aligncenter\" style=\"text-align: left;\">Per altra banda, a m\u00e9s de les festes esmentades anteriorment, cada poblaci\u00f3 ha fixat 2 festes locals, retribu\u00efdes i no recuperables, a proposta de cadascun dels ajuntaments.<\/p>\n<p>Els 2 festius per al 2019 de les poblacions m\u00e9s habituals s\u00f3n els seg\u00fcents:<\/p>\n<ul>\n<li>Vilanova i la Geltr\u00fa: 17 de gener i 5 d\u2019agost<\/li>\n<li>Sitges: 24 d\u2019agost i 23 de setembre<\/li>\n<li>Sant Pere de Ribes: 25 de gener i 29 de juny<\/li>\n<li>Les Roquetes: 12 de febrer i 25 de juny<\/li>\n<li>Cubelles: 30 de juliol i 16 d\u2019agost<\/li>\n<li>Vilafranca: 30 i 31 d\u2019agost<\/li>\n<li>Barcelona: 10 de juny i 24 de setembre<\/li>\n<\/ul>\n<\/div><div class=\"fusion-separator\" style=\"align-self: center;margin-left: auto;margin-right: auto;margin-top:20px;margin-bottom:20px;width:100%;max-width:50%;\"><div class=\"fusion-separator-border sep-single sep-solid\" style=\"--awb-height:20px;--awb-amount:20px;border-color:#e8ebef;border-top-width:1px;\"><\/div><\/div><div class=\"fusion-title title fusion-title-2 fusion-sep-none fusion-title-center fusion-title-text fusion-title-size-two\" style=\"--awb-margin-bottom:10px;--awb-margin-top-small:10px;--awb-margin-right-small:0px;--awb-margin-bottom-small:20px;--awb-margin-left-small:0px;--awb-sep-color:rgba(224,222,222,0);--awb-font-size:15px;\"><h2 class=\"fusion-title-heading title-heading-center\" style=\"margin:0;font-size:1em;\"><p style=\"text-align: center;\">Podeu veure el Calendari Laboral 2019 per municipis en el seg\u00fcent enlla\u00e7:<\/p><\/h2><\/div><div style=\"text-align:center;\"><a class=\"fusion-button button-flat fusion-button-default-size button-default fusion-button-default button-2 fusion-button-default-span fusion-button-default-type\" target=\"_blank\" rel=\"noopener noreferrer\" href=\"https:\/\/portaldogc.gencat.cat\/utilsEADOP\/PDF\/7776\/1718134.pdf\"><span class=\"fusion-button-text awb-button__text awb-button__text--default\">Calendari Laboral Oficial de Festes Locals per al 2019<\/span><\/a><\/div><div class=\"fusion-separator\" style=\"align-self: center;margin-left: auto;margin-right: auto;margin-top:20px;margin-bottom:20px;width:100%;max-width:70%;\"><\/div><div class=\"fusion-text fusion-text-3\"><p><a href=\".\/publicacions\"><i class=\"fb-icon-element-1 fb-icon-element fontawesome-icon fa-reply fas circle-no fusion-text-flow icon-hover-animation-slide\" style=\"--awb-iconcolor:#001e5e;--awb-iconcolor-hover:#001e5e;--awb-font-size:32px;--awb-margin-right:16px;\"><\/i>Tornar a publicacions<\/a><\/p>\n<\/div><\/div><\/div><\/div><\/div>\n","protected":false},"excerpt":{"rendered":"","protected":false},"author":6,"featured_media":5444,"comment_status":"closed","ping_status":"open","sticky":false,"template":"","format":"standard","meta":{"footnotes":""},"categories":[508,472,473],"tags":[474,484,485,486],"class_list":["post-5799","post","type-post","status-publish","format-standard","has-post-thumbnail","hentry","category-autonomos-es","category-empresas-es","category-particulares-es","tag-2019-es","tag-ajuntaments-es","tag-calendari-es","tag-festius-es"],"yoast_head":"<!-- This site is optimized with the Yoast SEO plugin v27.4 - https:\/\/yoast.com\/product\/yoast-seo-wordpress\/ -->\n<title>Calendario Laboral 2019 &#8226;<\/title>\n<meta name=\"robots\" content=\"index, follow, max-snippet:-1, max-image-preview:large, max-video-preview:-1\" \/>\n<link rel=\"canonical\" href=\"https:\/\/www.gestingral.com\/es\/calendario-laboral-2019\/\" \/>\n<meta property=\"og:locale\" content=\"es_ES\" \/>\n<meta property=\"og:type\" content=\"article\" \/>\n<meta property=\"og:title\" content=\"Calendario Laboral 2019 &#8226;\" \/>\n<meta property=\"og:url\" content=\"https:\/\/www.gestingral.com\/es\/calendario-laboral-2019\/\" \/>\n<meta property=\"og:site_name\" content=\"Gestingral Assessoria a Vilanova i la Geltr\u00fa.\" \/>\n<meta property=\"article:publisher\" content=\"https:\/\/www.facebook.com\/Gestingral\" \/>\n<meta property=\"article:published_time\" content=\"2018-12-28T11:46:49+00:00\" \/>\n<meta property=\"article:modified_time\" content=\"2019-01-14T15:28:41+00:00\" \/>\n<meta property=\"og:image\" content=\"https:\/\/www.gestingral.com\/wp-content\/uploads\/2019\/01\/calendari-laboral-2019-destacada.jpg\" \/>\n\t<meta property=\"og:image:width\" content=\"500\" \/>\n\t<meta property=\"og:image:height\" content=\"250\" \/>\n\t<meta property=\"og:image:type\" content=\"image\/jpeg\" \/>\n<meta name=\"author\" content=\"Sergi Pujol Lopez\" \/>\n<meta name=\"twitter:card\" content=\"summary_large_image\" \/>\n<meta name=\"twitter:creator\" content=\"@gestingral\" \/>\n<meta name=\"twitter:site\" content=\"@gestingral\" \/>\n<meta name=\"twitter:label1\" content=\"Escrito por\" \/>\n\t<meta name=\"twitter:data1\" content=\"Sergi Pujol Lopez\" \/>\n\t<meta name=\"twitter:label2\" content=\"Tiempo de lectura\" \/>\n\t<meta name=\"twitter:data2\" content=\"5 minutos\" \/>\n<script type=\"application\/ld+json\" class=\"yoast-schema-graph\">{\"@context\":\"https:\\\/\\\/schema.org\",\"@graph\":[{\"@type\":\"Article\",\"@id\":\"https:\\\/\\\/www.gestingral.com\\\/es\\\/calendario-laboral-2019\\\/#article\",\"isPartOf\":{\"@id\":\"https:\\\/\\\/www.gestingral.com\\\/es\\\/calendario-laboral-2019\\\/\"},\"author\":{\"name\":\"Sergi Pujol Lopez\",\"@id\":\"https:\\\/\\\/www.gestingral.com\\\/es\\\/#\\\/schema\\\/person\\\/692b3d91aafe1f593dca3f67838304c1\"},\"headline\":\"Calendario Laboral 2019\",\"datePublished\":\"2018-12-28T11:46:49+00:00\",\"dateModified\":\"2019-01-14T15:28:41+00:00\",\"mainEntityOfPage\":{\"@id\":\"https:\\\/\\\/www.gestingral.com\\\/es\\\/calendario-laboral-2019\\\/\"},\"wordCount\":1007,\"publisher\":{\"@id\":\"https:\\\/\\\/www.gestingral.com\\\/es\\\/#organization\"},\"image\":{\"@id\":\"https:\\\/\\\/www.gestingral.com\\\/es\\\/calendario-laboral-2019\\\/#primaryimage\"},\"thumbnailUrl\":\"https:\\\/\\\/www.gestingral.com\\\/wp-content\\\/uploads\\\/2019\\\/01\\\/calendari-laboral-2019-destacada.jpg\",\"keywords\":[\"2019\",\"ajuntaments\",\"calendari\",\"festius\"],\"articleSection\":[\"Aut\u00f3nomos\",\"Empresas\",\"Particulares\"],\"inLanguage\":\"es\"},{\"@type\":\"WebPage\",\"@id\":\"https:\\\/\\\/www.gestingral.com\\\/es\\\/calendario-laboral-2019\\\/\",\"url\":\"https:\\\/\\\/www.gestingral.com\\\/es\\\/calendario-laboral-2019\\\/\",\"name\":\"Calendario Laboral 2019 &#8226;\",\"isPartOf\":{\"@id\":\"https:\\\/\\\/www.gestingral.com\\\/es\\\/#website\"},\"primaryImageOfPage\":{\"@id\":\"https:\\\/\\\/www.gestingral.com\\\/es\\\/calendario-laboral-2019\\\/#primaryimage\"},\"image\":{\"@id\":\"https:\\\/\\\/www.gestingral.com\\\/es\\\/calendario-laboral-2019\\\/#primaryimage\"},\"thumbnailUrl\":\"https:\\\/\\\/www.gestingral.com\\\/wp-content\\\/uploads\\\/2019\\\/01\\\/calendari-laboral-2019-destacada.jpg\",\"datePublished\":\"2018-12-28T11:46:49+00:00\",\"dateModified\":\"2019-01-14T15:28:41+00:00\",\"breadcrumb\":{\"@id\":\"https:\\\/\\\/www.gestingral.com\\\/es\\\/calendario-laboral-2019\\\/#breadcrumb\"},\"inLanguage\":\"es\",\"potentialAction\":[{\"@type\":\"ReadAction\",\"target\":[\"https:\\\/\\\/www.gestingral.com\\\/es\\\/calendario-laboral-2019\\\/\"]}]},{\"@type\":\"ImageObject\",\"inLanguage\":\"es\",\"@id\":\"https:\\\/\\\/www.gestingral.com\\\/es\\\/calendario-laboral-2019\\\/#primaryimage\",\"url\":\"https:\\\/\\\/www.gestingral.com\\\/wp-content\\\/uploads\\\/2019\\\/01\\\/calendari-laboral-2019-destacada.jpg\",\"contentUrl\":\"https:\\\/\\\/www.gestingral.com\\\/wp-content\\\/uploads\\\/2019\\\/01\\\/calendari-laboral-2019-destacada.jpg\",\"width\":500,\"height\":250},{\"@type\":\"BreadcrumbList\",\"@id\":\"https:\\\/\\\/www.gestingral.com\\\/es\\\/calendario-laboral-2019\\\/#breadcrumb\",\"itemListElement\":[{\"@type\":\"ListItem\",\"position\":1,\"name\":\"Portada\",\"item\":\"https:\\\/\\\/www.gestingral.com\\\/es\\\/\"},{\"@type\":\"ListItem\",\"position\":2,\"name\":\"Calendario Laboral 2019\"}]},{\"@type\":\"WebSite\",\"@id\":\"https:\\\/\\\/www.gestingral.com\\\/es\\\/#website\",\"url\":\"https:\\\/\\\/www.gestingral.com\\\/es\\\/\",\"name\":\"Gestingral Assessoria a Vilanova i la Geltr\u00fa.\",\"description\":\"Assessors - Consultors - Advocats\",\"publisher\":{\"@id\":\"https:\\\/\\\/www.gestingral.com\\\/es\\\/#organization\"},\"potentialAction\":[{\"@type\":\"SearchAction\",\"target\":{\"@type\":\"EntryPoint\",\"urlTemplate\":\"https:\\\/\\\/www.gestingral.com\\\/es\\\/?s={search_term_string}\"},\"query-input\":{\"@type\":\"PropertyValueSpecification\",\"valueRequired\":true,\"valueName\":\"search_term_string\"}}],\"inLanguage\":\"es\"},{\"@type\":\"Organization\",\"@id\":\"https:\\\/\\\/www.gestingral.com\\\/es\\\/#organization\",\"name\":\"Gestingral Assessoria\",\"url\":\"https:\\\/\\\/www.gestingral.com\\\/es\\\/\",\"logo\":{\"@type\":\"ImageObject\",\"inLanguage\":\"es\",\"@id\":\"https:\\\/\\\/www.gestingral.com\\\/es\\\/#\\\/schema\\\/logo\\\/image\\\/\",\"url\":\"https:\\\/\\\/www.gestingral.com\\\/wp-content\\\/uploads\\\/2021\\\/03\\\/gestingral-logo-retina.png\",\"contentUrl\":\"https:\\\/\\\/www.gestingral.com\\\/wp-content\\\/uploads\\\/2021\\\/03\\\/gestingral-logo-retina.png\",\"width\":340,\"height\":342,\"caption\":\"Gestingral Assessoria\"},\"image\":{\"@id\":\"https:\\\/\\\/www.gestingral.com\\\/es\\\/#\\\/schema\\\/logo\\\/image\\\/\"},\"sameAs\":[\"https:\\\/\\\/www.facebook.com\\\/Gestingral\",\"https:\\\/\\\/x.com\\\/gestingral\",\"https:\\\/\\\/www.instagram.com\\\/gestingral\",\"https:\\\/\\\/www.linkedin.com\\\/company\\\/gestingral\"]},{\"@type\":\"Person\",\"@id\":\"https:\\\/\\\/www.gestingral.com\\\/es\\\/#\\\/schema\\\/person\\\/692b3d91aafe1f593dca3f67838304c1\",\"name\":\"Sergi Pujol Lopez\",\"image\":{\"@type\":\"ImageObject\",\"inLanguage\":\"es\",\"@id\":\"https:\\\/\\\/secure.gravatar.com\\\/avatar\\\/e392f65d731d0f3356f4bd58b49881bb72aa3cd28fd7183113b372ab06cccb0b?s=96&d=mm&r=g\",\"url\":\"https:\\\/\\\/secure.gravatar.com\\\/avatar\\\/e392f65d731d0f3356f4bd58b49881bb72aa3cd28fd7183113b372ab06cccb0b?s=96&d=mm&r=g\",\"contentUrl\":\"https:\\\/\\\/secure.gravatar.com\\\/avatar\\\/e392f65d731d0f3356f4bd58b49881bb72aa3cd28fd7183113b372ab06cccb0b?s=96&d=mm&r=g\",\"caption\":\"Sergi Pujol Lopez\"},\"url\":\"https:\\\/\\\/www.gestingral.com\\\/es\\\/author\\\/spujol\\\/\"}]}<\/script>\n<!-- \/ Yoast SEO plugin. -->","yoast_head_json":{"title":"Calendario Laboral 2019 &#8226;","robots":{"index":"index","follow":"follow","max-snippet":"max-snippet:-1","max-image-preview":"max-image-preview:large","max-video-preview":"max-video-preview:-1"},"canonical":"https:\/\/www.gestingral.com\/es\/calendario-laboral-2019\/","og_locale":"es_ES","og_type":"article","og_title":"Calendario Laboral 2019 &#8226;","og_url":"https:\/\/www.gestingral.com\/es\/calendario-laboral-2019\/","og_site_name":"Gestingral Assessoria a Vilanova i la Geltr\u00fa.","article_publisher":"https:\/\/www.facebook.com\/Gestingral","article_published_time":"2018-12-28T11:46:49+00:00","article_modified_time":"2019-01-14T15:28:41+00:00","og_image":[{"width":500,"height":250,"url":"https:\/\/www.gestingral.com\/wp-content\/uploads\/2019\/01\/calendari-laboral-2019-destacada.jpg","type":"image\/jpeg"}],"author":"Sergi Pujol Lopez","twitter_card":"summary_large_image","twitter_creator":"@gestingral","twitter_site":"@gestingral","twitter_misc":{"Escrito por":"Sergi Pujol Lopez","Tiempo de lectura":"5 minutos"},"schema":{"@context":"https:\/\/schema.org","@graph":[{"@type":"Article","@id":"https:\/\/www.gestingral.com\/es\/calendario-laboral-2019\/#article","isPartOf":{"@id":"https:\/\/www.gestingral.com\/es\/calendario-laboral-2019\/"},"author":{"name":"Sergi Pujol Lopez","@id":"https:\/\/www.gestingral.com\/es\/#\/schema\/person\/692b3d91aafe1f593dca3f67838304c1"},"headline":"Calendario Laboral 2019","datePublished":"2018-12-28T11:46:49+00:00","dateModified":"2019-01-14T15:28:41+00:00","mainEntityOfPage":{"@id":"https:\/\/www.gestingral.com\/es\/calendario-laboral-2019\/"},"wordCount":1007,"publisher":{"@id":"https:\/\/www.gestingral.com\/es\/#organization"},"image":{"@id":"https:\/\/www.gestingral.com\/es\/calendario-laboral-2019\/#primaryimage"},"thumbnailUrl":"https:\/\/www.gestingral.com\/wp-content\/uploads\/2019\/01\/calendari-laboral-2019-destacada.jpg","keywords":["2019","ajuntaments","calendari","festius"],"articleSection":["Aut\u00f3nomos","Empresas","Particulares"],"inLanguage":"es"},{"@type":"WebPage","@id":"https:\/\/www.gestingral.com\/es\/calendario-laboral-2019\/","url":"https:\/\/www.gestingral.com\/es\/calendario-laboral-2019\/","name":"Calendario Laboral 2019 &#8226;","isPartOf":{"@id":"https:\/\/www.gestingral.com\/es\/#website"},"primaryImageOfPage":{"@id":"https:\/\/www.gestingral.com\/es\/calendario-laboral-2019\/#primaryimage"},"image":{"@id":"https:\/\/www.gestingral.com\/es\/calendario-laboral-2019\/#primaryimage"},"thumbnailUrl":"https:\/\/www.gestingral.com\/wp-content\/uploads\/2019\/01\/calendari-laboral-2019-destacada.jpg","datePublished":"2018-12-28T11:46:49+00:00","dateModified":"2019-01-14T15:28:41+00:00","breadcrumb":{"@id":"https:\/\/www.gestingral.com\/es\/calendario-laboral-2019\/#breadcrumb"},"inLanguage":"es","potentialAction":[{"@type":"ReadAction","target":["https:\/\/www.gestingral.com\/es\/calendario-laboral-2019\/"]}]},{"@type":"ImageObject","inLanguage":"es","@id":"https:\/\/www.gestingral.com\/es\/calendario-laboral-2019\/#primaryimage","url":"https:\/\/www.gestingral.com\/wp-content\/uploads\/2019\/01\/calendari-laboral-2019-destacada.jpg","contentUrl":"https:\/\/www.gestingral.com\/wp-content\/uploads\/2019\/01\/calendari-laboral-2019-destacada.jpg","width":500,"height":250},{"@type":"BreadcrumbList","@id":"https:\/\/www.gestingral.com\/es\/calendario-laboral-2019\/#breadcrumb","itemListElement":[{"@type":"ListItem","position":1,"name":"Portada","item":"https:\/\/www.gestingral.com\/es\/"},{"@type":"ListItem","position":2,"name":"Calendario Laboral 2019"}]},{"@type":"WebSite","@id":"https:\/\/www.gestingral.com\/es\/#website","url":"https:\/\/www.gestingral.com\/es\/","name":"Gestingral Assessoria a Vilanova i la Geltr\u00fa.","description":"Assessors - Consultors - Advocats","publisher":{"@id":"https:\/\/www.gestingral.com\/es\/#organization"},"potentialAction":[{"@type":"SearchAction","target":{"@type":"EntryPoint","urlTemplate":"https:\/\/www.gestingral.com\/es\/?s={search_term_string}"},"query-input":{"@type":"PropertyValueSpecification","valueRequired":true,"valueName":"search_term_string"}}],"inLanguage":"es"},{"@type":"Organization","@id":"https:\/\/www.gestingral.com\/es\/#organization","name":"Gestingral Assessoria","url":"https:\/\/www.gestingral.com\/es\/","logo":{"@type":"ImageObject","inLanguage":"es","@id":"https:\/\/www.gestingral.com\/es\/#\/schema\/logo\/image\/","url":"https:\/\/www.gestingral.com\/wp-content\/uploads\/2021\/03\/gestingral-logo-retina.png","contentUrl":"https:\/\/www.gestingral.com\/wp-content\/uploads\/2021\/03\/gestingral-logo-retina.png","width":340,"height":342,"caption":"Gestingral Assessoria"},"image":{"@id":"https:\/\/www.gestingral.com\/es\/#\/schema\/logo\/image\/"},"sameAs":["https:\/\/www.facebook.com\/Gestingral","https:\/\/x.com\/gestingral","https:\/\/www.instagram.com\/gestingral","https:\/\/www.linkedin.com\/company\/gestingral"]},{"@type":"Person","@id":"https:\/\/www.gestingral.com\/es\/#\/schema\/person\/692b3d91aafe1f593dca3f67838304c1","name":"Sergi Pujol Lopez","image":{"@type":"ImageObject","inLanguage":"es","@id":"https:\/\/secure.gravatar.com\/avatar\/e392f65d731d0f3356f4bd58b49881bb72aa3cd28fd7183113b372ab06cccb0b?s=96&d=mm&r=g","url":"https:\/\/secure.gravatar.com\/avatar\/e392f65d731d0f3356f4bd58b49881bb72aa3cd28fd7183113b372ab06cccb0b?s=96&d=mm&r=g","contentUrl":"https:\/\/secure.gravatar.com\/avatar\/e392f65d731d0f3356f4bd58b49881bb72aa3cd28fd7183113b372ab06cccb0b?s=96&d=mm&r=g","caption":"Sergi Pujol Lopez"},"url":"https:\/\/www.gestingral.com\/es\/author\/spujol\/"}]}},"_links":{"self":[{"href":"https:\/\/www.gestingral.com\/es\/wp-json\/wp\/v2\/posts\/5799","targetHints":{"allow":["GET"]}}],"collection":[{"href":"https:\/\/www.gestingral.com\/es\/wp-json\/wp\/v2\/posts"}],"about":[{"href":"https:\/\/www.gestingral.com\/es\/wp-json\/wp\/v2\/types\/post"}],"author":[{"embeddable":true,"href":"https:\/\/www.gestingral.com\/es\/wp-json\/wp\/v2\/users\/6"}],"replies":[{"embeddable":true,"href":"https:\/\/www.gestingral.com\/es\/wp-json\/wp\/v2\/comments?post=5799"}],"version-history":[{"count":0,"href":"https:\/\/www.gestingral.com\/es\/wp-json\/wp\/v2\/posts\/5799\/revisions"}],"wp:featuredmedia":[{"embeddable":true,"href":"https:\/\/www.gestingral.com\/es\/wp-json\/wp\/v2\/media\/5444"}],"wp:attachment":[{"href":"https:\/\/www.gestingral.com\/es\/wp-json\/wp\/v2\/media?parent=5799"}],"wp:term":[{"taxonomy":"category","embeddable":true,"href":"https:\/\/www.gestingral.com\/es\/wp-json\/wp\/v2\/categories?post=5799"},{"taxonomy":"post_tag","embeddable":true,"href":"https:\/\/www.gestingral.com\/es\/wp-json\/wp\/v2\/tags?post=5799"}],"curies":[{"name":"wp","href":"https:\/\/api.w.org\/{rel}","templated":true}]}}