{"id":16349,"date":"2024-04-24T14:01:44","date_gmt":"2024-04-24T12:01:44","guid":{"rendered":"https:\/\/www.gestingral.com\/soy-administrador-de-una-sociedad-debo-estar-como-autonomo-o-en-regimen-general\/"},"modified":"2024-04-24T14:01:45","modified_gmt":"2024-04-24T12:01:45","slug":"soy-administrador-de-una-sociedad-debo-estar-como-autonomo-o-en-regimen-general","status":"publish","type":"post","link":"https:\/\/www.gestingral.com\/es\/soy-administrador-de-una-sociedad-debo-estar-como-autonomo-o-en-regimen-general\/","title":{"rendered":"Soy administrador de una sociedad: \u00bfdebo estar como aut\u00f3nomo o en r\u00e9gimen general?"},"content":{"rendered":"<div class=\"fusion-fullwidth fullwidth-box fusion-builder-row-1 fusion-flex-container has-pattern-background has-mask-background nonhundred-percent-fullwidth non-hundred-percent-height-scrolling\" style=\"--awb-border-radius-top-left:0px;--awb-border-radius-top-right:0px;--awb-border-radius-bottom-right:0px;--awb-border-radius-bottom-left:0px;--awb-flex-wrap:wrap;\" ><div class=\"fusion-builder-row fusion-row fusion-flex-align-items-flex-start fusion-flex-content-wrap\" style=\"max-width:1310.4px;margin-left: calc(-4% \/ 2 );margin-right: calc(-4% \/ 2 );\"><div class=\"fusion-layout-column fusion_builder_column fusion-builder-column-0 fusion_builder_column_1_1 1_1 fusion-flex-column\" style=\"--awb-bg-size:cover;--awb-width-large:100%;--awb-margin-top-large:20px;--awb-spacing-right-large:1.92%;--awb-margin-bottom-large:20px;--awb-spacing-left-large:1.92%;--awb-width-medium:100%;--awb-order-medium:0;--awb-spacing-right-medium:1.92%;--awb-spacing-left-medium:1.92%;--awb-width-small:100%;--awb-order-small:0;--awb-spacing-right-small:1.92%;--awb-spacing-left-small:1.92%;\"><div class=\"fusion-column-wrapper fusion-column-has-shadow fusion-flex-justify-content-flex-start fusion-content-layout-column\"><div class=\"fusion-text fusion-text-1\"><p>Los administradores o miembros del consejo de administraci\u00f3n de una sociedad podr\u00e1n estar encuadrados en el R\u00e9gimen General (\u00ab<span class=\"hiddenSpellError\">RGSS<\/span>\u00ab), en el R\u00e9gimen General como \u00abasimilados\u00bb o el R\u00e9gimen Especial como Trabajadores aut\u00f3nomos (\u00abRETA\u00bb).<\/p>\n<p><strong>En caso de que posean el control efectivo de la sociedad, deber\u00e1n figurar en el r\u00e9gimen de aut\u00f3nomos (\u00abRETA\u00bb<span class=\"hiddenGrammarError\" style=\"padding-bottom: 2px; background-image: url('..\/..\/..\/..\/..\/images\/squiggle.png'); background-repeat: repeat-x; background-position: left bottom; cursor: default; color: #000000; font-family: 'Open Sans', Helvetica, Arial, sans-serif; font-size: 16px; font-style: normal; font-variant-ligatures: normal; font-variant-caps: normal; letter-spacing: normal; orphans: 2; text-align: start; text-indent: 0px; text-transform: none; widows: 2; word-spacing: 0px; -webkit-text-stroke-width: 0px; white-space: normal; text-decoration-thickness: initial; text-decoration-style: initial; text-decoration-color: initial;\">).<\/span><\/strong><\/p>\n<ul>\n<li>\u00bfEn qu\u00e9 casos se considera poseer el control efectivo de la sociedad?<\/li>\n<\/ul>\n<ol>\n<li style=\"list-style-type: none;\">\n<ol>\n<li>Que, al menos, la mitad del capital social para el que presta sus servicios est\u00e9 distribuido entre socios, con los que convive y a los que est\u00e1 unido por v\u00ednculo conyugal o de parentesco por consanguinidad, afinidad o adopci\u00f3n, hasta el segundo grado.<\/li>\n<li>Que su participaci\u00f3n en el capital de la sociedad sea igual o superior a la tercera parte <span class=\"hiddenGrammarError\">del mismo<\/span>.<\/li>\n<li>Que su participaci\u00f3n en el capital social sea igual o superior a la cuarta parte de la sociedad si tiene atribuidas funciones de direcci\u00f3n y gesti\u00f3n de la sociedad.<\/li>\n<\/ol>\n<\/li>\n<\/ol>\n<p><strong>En caso de no poseer el control efectivo de la sociedad, ostentar el cargo de administrador, ser trabajadores de la sociedad, pero no realizar funciones de direcci\u00f3n ni gerencia, <\/strong>el r\u00e9gimen de cotizaci\u00f3n deber\u00e1n pertenecer al r\u00e9gimen de trabajadores (\u00ab<span class=\"hiddenSpellError\">RGSS<\/span>\u00ab).<\/p>\n<p><strong>En caso de no poseer el control de la sociedad, ostentar el cargo de administrador, ser trabajadores de la sociedad y realizar funciones de direcci\u00f3n y gerencia,<\/strong>  deber\u00e1 pertenecer al r\u00e9gimen de trabajadores (\u00ab<span class=\"hiddenSpellError\">RGSS<\/span>\u00ab) asimilados a trabajadores por cuento ajeno  <span class=\"hiddenGrammarError\" style=\"padding-bottom: 2px; background-image: url('..\/..\/..\/..\/..\/images\/squiggle.png'); background-repeat: repeat-x; background-position: left bottom; cursor: default; color: #000000; font-family: 'Open Sans', Helvetica, Arial, sans-serif; font-size: 16px; font-style: normal; font-variant-ligatures: normal; font-variant-caps: normal; letter-spacing: normal; orphans: 2; text-align: start; text-indent: 0px; text-transform: none; widows: 2; word-spacing: 0px; -webkit-text-stroke-width: 0px; white-space: normal; text-decoration-thickness: initial; text-decoration-style: initial; text-decoration-color: initial;\">(<\/span>no contar\u00e1n con protecci\u00f3n por desempleo ni cobertura del Fondo de Garant\u00eda Salarial.<\/p>\n<p><strong>En caso de no poseer el control de la sociedad, no ser trabajadores de la empresa, ni realizar funciones de direcci\u00f3n o gerencia <\/strong>no se podr\u00e1n afiliar al sistema de la seguridad social.<\/p>\n<p><em>*Estas normas se aplican siempre que el administrador o miembro del consejo tenga residencia en el Estado Espa\u00f1ol. En caso de que resida en el extranjero, no quedar\u00eda enmarcado dentro de la Seguridad Social Espa\u00f1ola.<\/em><\/p>\n<\/div><\/div><\/div><\/div><\/div>\n","protected":false},"excerpt":{"rendered":"","protected":false},"author":16,"featured_media":0,"comment_status":"closed","ping_status":"open","sticky":false,"template":"","format":"standard","meta":{"footnotes":""},"categories":[882],"tags":[],"class_list":["post-16349","post","type-post","status-publish","format-standard","hentry","category-preguntas-frecuentes"],"yoast_head":"<!-- This site is optimized with the Yoast SEO plugin v27.5 - https:\/\/yoast.com\/product\/yoast-seo-wordpress\/ -->\n<title>Soy administrador de una sociedad: \u00bfdebo estar como aut\u00f3nomo o en r\u00e9gimen general? &#8226; Serveis d&#039;assessoria i gestoria.<\/title>\n<meta name=\"robots\" content=\"index, follow, max-snippet:-1, max-image-preview:large, max-video-preview:-1\" \/>\n<link rel=\"canonical\" href=\"https:\/\/www.gestingral.com\/es\/soy-administrador-de-una-sociedad-debo-estar-como-autonomo-o-en-regimen-general\/\" \/>\n<meta property=\"og:locale\" content=\"es_ES\" \/>\n<meta property=\"og:type\" content=\"article\" \/>\n<meta property=\"og:title\" content=\"Soy administrador de una sociedad: \u00bfdebo estar como aut\u00f3nomo o en r\u00e9gimen general? &#8226; Serveis d&#039;assessoria i gestoria.\" \/>\n<meta property=\"og:url\" content=\"https:\/\/www.gestingral.com\/es\/soy-administrador-de-una-sociedad-debo-estar-como-autonomo-o-en-regimen-general\/\" \/>\n<meta property=\"og:site_name\" content=\"Gestingral Assessoria a Vilanova i la Geltr\u00fa.\" \/>\n<meta property=\"article:publisher\" content=\"https:\/\/www.facebook.com\/Gestingral\" \/>\n<meta property=\"article:published_time\" content=\"2024-04-24T12:01:44+00:00\" \/>\n<meta property=\"article:modified_time\" content=\"2024-04-24T12:01:45+00:00\" \/>\n<meta name=\"author\" content=\"Irene\" \/>\n<meta name=\"twitter:card\" content=\"summary_large_image\" \/>\n<meta name=\"twitter:creator\" content=\"@gestingral\" \/>\n<meta name=\"twitter:site\" content=\"@gestingral\" \/>\n<meta name=\"twitter:label1\" content=\"Escrito por\" \/>\n\t<meta name=\"twitter:data1\" content=\"Irene\" \/>\n\t<meta name=\"twitter:label2\" content=\"Tiempo de lectura\" \/>\n\t<meta name=\"twitter:data2\" content=\"7 minutos\" \/>\n<script type=\"application\/ld+json\" class=\"yoast-schema-graph\">{\"@context\":\"https:\\\/\\\/schema.org\",\"@graph\":[{\"@type\":\"Article\",\"@id\":\"https:\\\/\\\/www.gestingral.com\\\/es\\\/soy-administrador-de-una-sociedad-debo-estar-como-autonomo-o-en-regimen-general\\\/#article\",\"isPartOf\":{\"@id\":\"https:\\\/\\\/www.gestingral.com\\\/es\\\/soy-administrador-de-una-sociedad-debo-estar-como-autonomo-o-en-regimen-general\\\/\"},\"author\":{\"name\":\"Irene\",\"@id\":\"https:\\\/\\\/www.gestingral.com\\\/es\\\/#\\\/schema\\\/person\\\/c70493b2483bff4451f38b9e80b19351\"},\"headline\":\"Soy administrador de una sociedad: \u00bfdebo estar como aut\u00f3nomo o en r\u00e9gimen general?\",\"datePublished\":\"2024-04-24T12:01:44+00:00\",\"dateModified\":\"2024-04-24T12:01:45+00:00\",\"mainEntityOfPage\":{\"@id\":\"https:\\\/\\\/www.gestingral.com\\\/es\\\/soy-administrador-de-una-sociedad-debo-estar-como-autonomo-o-en-regimen-general\\\/\"},\"wordCount\":1399,\"publisher\":{\"@id\":\"https:\\\/\\\/www.gestingral.com\\\/es\\\/#organization\"},\"articleSection\":[\"FAQS\"],\"inLanguage\":\"es\"},{\"@type\":\"WebPage\",\"@id\":\"https:\\\/\\\/www.gestingral.com\\\/es\\\/soy-administrador-de-una-sociedad-debo-estar-como-autonomo-o-en-regimen-general\\\/\",\"url\":\"https:\\\/\\\/www.gestingral.com\\\/es\\\/soy-administrador-de-una-sociedad-debo-estar-como-autonomo-o-en-regimen-general\\\/\",\"name\":\"Soy administrador de una sociedad: \u00bfdebo estar como aut\u00f3nomo o en r\u00e9gimen general? &#8226; Serveis d'assessoria i gestoria.\",\"isPartOf\":{\"@id\":\"https:\\\/\\\/www.gestingral.com\\\/es\\\/#website\"},\"datePublished\":\"2024-04-24T12:01:44+00:00\",\"dateModified\":\"2024-04-24T12:01:45+00:00\",\"breadcrumb\":{\"@id\":\"https:\\\/\\\/www.gestingral.com\\\/es\\\/soy-administrador-de-una-sociedad-debo-estar-como-autonomo-o-en-regimen-general\\\/#breadcrumb\"},\"inLanguage\":\"es\",\"potentialAction\":[{\"@type\":\"ReadAction\",\"target\":[\"https:\\\/\\\/www.gestingral.com\\\/es\\\/soy-administrador-de-una-sociedad-debo-estar-como-autonomo-o-en-regimen-general\\\/\"]}]},{\"@type\":\"BreadcrumbList\",\"@id\":\"https:\\\/\\\/www.gestingral.com\\\/es\\\/soy-administrador-de-una-sociedad-debo-estar-como-autonomo-o-en-regimen-general\\\/#breadcrumb\",\"itemListElement\":[{\"@type\":\"ListItem\",\"position\":1,\"name\":\"Portada\",\"item\":\"https:\\\/\\\/www.gestingral.com\\\/es\\\/\"},{\"@type\":\"ListItem\",\"position\":2,\"name\":\"Soy administrador de una sociedad: \u00bfdebo estar como aut\u00f3nomo o en r\u00e9gimen general?\"}]},{\"@type\":\"WebSite\",\"@id\":\"https:\\\/\\\/www.gestingral.com\\\/es\\\/#website\",\"url\":\"https:\\\/\\\/www.gestingral.com\\\/es\\\/\",\"name\":\"Gestingral Assessoria a Vilanova i la Geltr\u00fa.\",\"description\":\"Assessors - Consultors - Advocats\",\"publisher\":{\"@id\":\"https:\\\/\\\/www.gestingral.com\\\/es\\\/#organization\"},\"potentialAction\":[{\"@type\":\"SearchAction\",\"target\":{\"@type\":\"EntryPoint\",\"urlTemplate\":\"https:\\\/\\\/www.gestingral.com\\\/es\\\/?s={search_term_string}\"},\"query-input\":{\"@type\":\"PropertyValueSpecification\",\"valueRequired\":true,\"valueName\":\"search_term_string\"}}],\"inLanguage\":\"es\"},{\"@type\":\"Organization\",\"@id\":\"https:\\\/\\\/www.gestingral.com\\\/es\\\/#organization\",\"name\":\"Gestingral Assessoria\",\"url\":\"https:\\\/\\\/www.gestingral.com\\\/es\\\/\",\"logo\":{\"@type\":\"ImageObject\",\"inLanguage\":\"es\",\"@id\":\"https:\\\/\\\/www.gestingral.com\\\/es\\\/#\\\/schema\\\/logo\\\/image\\\/\",\"url\":\"https:\\\/\\\/www.gestingral.com\\\/wp-content\\\/uploads\\\/2021\\\/03\\\/gestingral-logo-retina.png\",\"contentUrl\":\"https:\\\/\\\/www.gestingral.com\\\/wp-content\\\/uploads\\\/2021\\\/03\\\/gestingral-logo-retina.png\",\"width\":340,\"height\":342,\"caption\":\"Gestingral Assessoria\"},\"image\":{\"@id\":\"https:\\\/\\\/www.gestingral.com\\\/es\\\/#\\\/schema\\\/logo\\\/image\\\/\"},\"sameAs\":[\"https:\\\/\\\/www.facebook.com\\\/Gestingral\",\"https:\\\/\\\/x.com\\\/gestingral\",\"https:\\\/\\\/www.instagram.com\\\/gestingral\",\"https:\\\/\\\/www.linkedin.com\\\/company\\\/gestingral\"]},{\"@type\":\"Person\",\"@id\":\"https:\\\/\\\/www.gestingral.com\\\/es\\\/#\\\/schema\\\/person\\\/c70493b2483bff4451f38b9e80b19351\",\"name\":\"Irene\",\"image\":{\"@type\":\"ImageObject\",\"inLanguage\":\"es\",\"@id\":\"https:\\\/\\\/secure.gravatar.com\\\/avatar\\\/92acc064d2af341d91f0af3b25f2ff070ee1cba4f6f3885c92f8dfd20aed8756?s=96&d=mm&r=g\",\"url\":\"https:\\\/\\\/secure.gravatar.com\\\/avatar\\\/92acc064d2af341d91f0af3b25f2ff070ee1cba4f6f3885c92f8dfd20aed8756?s=96&d=mm&r=g\",\"contentUrl\":\"https:\\\/\\\/secure.gravatar.com\\\/avatar\\\/92acc064d2af341d91f0af3b25f2ff070ee1cba4f6f3885c92f8dfd20aed8756?s=96&d=mm&r=g\",\"caption\":\"Irene\"},\"url\":\"https:\\\/\\\/www.gestingral.com\\\/es\\\/author\\\/iperaire\\\/\"}]}<\/script>\n<!-- \/ Yoast SEO plugin. -->","yoast_head_json":{"title":"Soy administrador de una sociedad: \u00bfdebo estar como aut\u00f3nomo o en r\u00e9gimen general? &#8226; Serveis d'assessoria i gestoria.","robots":{"index":"index","follow":"follow","max-snippet":"max-snippet:-1","max-image-preview":"max-image-preview:large","max-video-preview":"max-video-preview:-1"},"canonical":"https:\/\/www.gestingral.com\/es\/soy-administrador-de-una-sociedad-debo-estar-como-autonomo-o-en-regimen-general\/","og_locale":"es_ES","og_type":"article","og_title":"Soy administrador de una sociedad: \u00bfdebo estar como aut\u00f3nomo o en r\u00e9gimen general? &#8226; Serveis d'assessoria i gestoria.","og_url":"https:\/\/www.gestingral.com\/es\/soy-administrador-de-una-sociedad-debo-estar-como-autonomo-o-en-regimen-general\/","og_site_name":"Gestingral Assessoria a Vilanova i la Geltr\u00fa.","article_publisher":"https:\/\/www.facebook.com\/Gestingral","article_published_time":"2024-04-24T12:01:44+00:00","article_modified_time":"2024-04-24T12:01:45+00:00","author":"Irene","twitter_card":"summary_large_image","twitter_creator":"@gestingral","twitter_site":"@gestingral","twitter_misc":{"Escrito por":"Irene","Tiempo de lectura":"7 minutos"},"schema":{"@context":"https:\/\/schema.org","@graph":[{"@type":"Article","@id":"https:\/\/www.gestingral.com\/es\/soy-administrador-de-una-sociedad-debo-estar-como-autonomo-o-en-regimen-general\/#article","isPartOf":{"@id":"https:\/\/www.gestingral.com\/es\/soy-administrador-de-una-sociedad-debo-estar-como-autonomo-o-en-regimen-general\/"},"author":{"name":"Irene","@id":"https:\/\/www.gestingral.com\/es\/#\/schema\/person\/c70493b2483bff4451f38b9e80b19351"},"headline":"Soy administrador de una sociedad: \u00bfdebo estar como aut\u00f3nomo o en r\u00e9gimen general?","datePublished":"2024-04-24T12:01:44+00:00","dateModified":"2024-04-24T12:01:45+00:00","mainEntityOfPage":{"@id":"https:\/\/www.gestingral.com\/es\/soy-administrador-de-una-sociedad-debo-estar-como-autonomo-o-en-regimen-general\/"},"wordCount":1399,"publisher":{"@id":"https:\/\/www.gestingral.com\/es\/#organization"},"articleSection":["FAQS"],"inLanguage":"es"},{"@type":"WebPage","@id":"https:\/\/www.gestingral.com\/es\/soy-administrador-de-una-sociedad-debo-estar-como-autonomo-o-en-regimen-general\/","url":"https:\/\/www.gestingral.com\/es\/soy-administrador-de-una-sociedad-debo-estar-como-autonomo-o-en-regimen-general\/","name":"Soy administrador de una sociedad: \u00bfdebo estar como aut\u00f3nomo o en r\u00e9gimen general? &#8226; Serveis d'assessoria i gestoria.","isPartOf":{"@id":"https:\/\/www.gestingral.com\/es\/#website"},"datePublished":"2024-04-24T12:01:44+00:00","dateModified":"2024-04-24T12:01:45+00:00","breadcrumb":{"@id":"https:\/\/www.gestingral.com\/es\/soy-administrador-de-una-sociedad-debo-estar-como-autonomo-o-en-regimen-general\/#breadcrumb"},"inLanguage":"es","potentialAction":[{"@type":"ReadAction","target":["https:\/\/www.gestingral.com\/es\/soy-administrador-de-una-sociedad-debo-estar-como-autonomo-o-en-regimen-general\/"]}]},{"@type":"BreadcrumbList","@id":"https:\/\/www.gestingral.com\/es\/soy-administrador-de-una-sociedad-debo-estar-como-autonomo-o-en-regimen-general\/#breadcrumb","itemListElement":[{"@type":"ListItem","position":1,"name":"Portada","item":"https:\/\/www.gestingral.com\/es\/"},{"@type":"ListItem","position":2,"name":"Soy administrador de una sociedad: \u00bfdebo estar como aut\u00f3nomo o en r\u00e9gimen general?"}]},{"@type":"WebSite","@id":"https:\/\/www.gestingral.com\/es\/#website","url":"https:\/\/www.gestingral.com\/es\/","name":"Gestingral Assessoria a Vilanova i la Geltr\u00fa.","description":"Assessors - Consultors - Advocats","publisher":{"@id":"https:\/\/www.gestingral.com\/es\/#organization"},"potentialAction":[{"@type":"SearchAction","target":{"@type":"EntryPoint","urlTemplate":"https:\/\/www.gestingral.com\/es\/?s={search_term_string}"},"query-input":{"@type":"PropertyValueSpecification","valueRequired":true,"valueName":"search_term_string"}}],"inLanguage":"es"},{"@type":"Organization","@id":"https:\/\/www.gestingral.com\/es\/#organization","name":"Gestingral Assessoria","url":"https:\/\/www.gestingral.com\/es\/","logo":{"@type":"ImageObject","inLanguage":"es","@id":"https:\/\/www.gestingral.com\/es\/#\/schema\/logo\/image\/","url":"https:\/\/www.gestingral.com\/wp-content\/uploads\/2021\/03\/gestingral-logo-retina.png","contentUrl":"https:\/\/www.gestingral.com\/wp-content\/uploads\/2021\/03\/gestingral-logo-retina.png","width":340,"height":342,"caption":"Gestingral Assessoria"},"image":{"@id":"https:\/\/www.gestingral.com\/es\/#\/schema\/logo\/image\/"},"sameAs":["https:\/\/www.facebook.com\/Gestingral","https:\/\/x.com\/gestingral","https:\/\/www.instagram.com\/gestingral","https:\/\/www.linkedin.com\/company\/gestingral"]},{"@type":"Person","@id":"https:\/\/www.gestingral.com\/es\/#\/schema\/person\/c70493b2483bff4451f38b9e80b19351","name":"Irene","image":{"@type":"ImageObject","inLanguage":"es","@id":"https:\/\/secure.gravatar.com\/avatar\/92acc064d2af341d91f0af3b25f2ff070ee1cba4f6f3885c92f8dfd20aed8756?s=96&d=mm&r=g","url":"https:\/\/secure.gravatar.com\/avatar\/92acc064d2af341d91f0af3b25f2ff070ee1cba4f6f3885c92f8dfd20aed8756?s=96&d=mm&r=g","contentUrl":"https:\/\/secure.gravatar.com\/avatar\/92acc064d2af341d91f0af3b25f2ff070ee1cba4f6f3885c92f8dfd20aed8756?s=96&d=mm&r=g","caption":"Irene"},"url":"https:\/\/www.gestingral.com\/es\/author\/iperaire\/"}]}},"_links":{"self":[{"href":"https:\/\/www.gestingral.com\/es\/wp-json\/wp\/v2\/posts\/16349","targetHints":{"allow":["GET"]}}],"collection":[{"href":"https:\/\/www.gestingral.com\/es\/wp-json\/wp\/v2\/posts"}],"about":[{"href":"https:\/\/www.gestingral.com\/es\/wp-json\/wp\/v2\/types\/post"}],"author":[{"embeddable":true,"href":"https:\/\/www.gestingral.com\/es\/wp-json\/wp\/v2\/users\/16"}],"replies":[{"embeddable":true,"href":"https:\/\/www.gestingral.com\/es\/wp-json\/wp\/v2\/comments?post=16349"}],"version-history":[{"count":2,"href":"https:\/\/www.gestingral.com\/es\/wp-json\/wp\/v2\/posts\/16349\/revisions"}],"predecessor-version":[{"id":16351,"href":"https:\/\/www.gestingral.com\/es\/wp-json\/wp\/v2\/posts\/16349\/revisions\/16351"}],"wp:attachment":[{"href":"https:\/\/www.gestingral.com\/es\/wp-json\/wp\/v2\/media?parent=16349"}],"wp:term":[{"taxonomy":"category","embeddable":true,"href":"https:\/\/www.gestingral.com\/es\/wp-json\/wp\/v2\/categories?post=16349"},{"taxonomy":"post_tag","embeddable":true,"href":"https:\/\/www.gestingral.com\/es\/wp-json\/wp\/v2\/tags?post=16349"}],"curies":[{"name":"wp","href":"https:\/\/api.w.org\/{rel}","templated":true}]}}