{"id":15979,"date":"2023-12-20T16:58:24","date_gmt":"2023-12-20T15:58:24","guid":{"rendered":"https:\/\/www.gestingral.com\/reformulacion-del-subsidio-de-desempleo\/"},"modified":"2025-03-25T15:44:44","modified_gmt":"2025-03-25T14:44:44","slug":"reforma-del-subsidio-de-desempleo","status":"publish","type":"post","link":"https:\/\/www.gestingral.com\/es\/reforma-del-subsidio-de-desempleo\/","title":{"rendered":"Reforma del subsidio de desempleo"},"content":{"rendered":"<div class=\"fusion-fullwidth fullwidth-box fusion-builder-row-1 fusion-flex-container has-pattern-background has-mask-background nonhundred-percent-fullwidth non-hundred-percent-height-scrolling\" style=\"--awb-border-radius-top-left:0px;--awb-border-radius-top-right:0px;--awb-border-radius-bottom-right:0px;--awb-border-radius-bottom-left:0px;--awb-flex-wrap:wrap;\" ><div class=\"fusion-builder-row fusion-row fusion-flex-align-items-flex-start fusion-flex-content-wrap\" style=\"max-width:1310.4px;margin-left: calc(-4% \/ 2 );margin-right: calc(-4% \/ 2 );\"><div class=\"fusion-layout-column fusion_builder_column fusion-builder-column-0 fusion_builder_column_1_1 1_1 fusion-flex-column\" style=\"--awb-bg-size:cover;--awb-width-large:100%;--awb-margin-top-large:20px;--awb-spacing-right-large:1.92%;--awb-margin-bottom-large:20px;--awb-spacing-left-large:1.92%;--awb-width-medium:100%;--awb-order-medium:0;--awb-spacing-right-medium:1.92%;--awb-spacing-left-medium:1.92%;--awb-width-small:100%;--awb-order-small:0;--awb-spacing-right-small:1.92%;--awb-spacing-left-small:1.92%;\"><div class=\"fusion-column-wrapper fusion-column-has-shadow fusion-flex-justify-content-flex-start fusion-content-layout-column\"><div class=\"fusion-text fusion-text-1\"><p>Ayer, d\u00eda 20 de diciembre, se public\u00f3 la reforma del subsidio de desempleo, que ampl\u00eda a las personas que pueden acceder a \u00e9l y las cantidades del primer a\u00f1o. <strong><br \/>\n  <u>El subsidio de desempleo es aquel que perciben las personas que han agotado la prestaci\u00f3n del paro o no tienen acceso a \u00e9l<\/u><br \/>\n<\/strong>. Te lo explicamos en detalle:<\/p>\n<ul>\n<li><strong>Entrada en vigor: <\/strong>en vigor a partir de junio de 2024. Hasta su entrada en vigor se mantendr\u00e1n la Renta Activa de Inserci\u00f3n y el subsidio extraordinario de desempleo<\/li>\n<li><strong>Ampliaci\u00f3n:<\/strong> Podr\u00e1n acceder personas de menos de 45 a\u00f1os y personas sin cargas familiares.<\/li>\n<li><strong>Cuant\u00edas: <\/strong>El subsidio ser\u00e1 de 570\u20ac los primeros seis meses, 540\u20ac los 6 meses siguientes y de 480\u20ac a partir del a\u00f1o.<\/li>\n<li><strong>Condiciones de cotizaci\u00f3n:<\/strong> Se equipara la condici\u00f3n de cotizaci\u00f3n para personas con o sin cargas familiares.<\/li>\n<li><strong>Eliminaci\u00f3n del periodo de espera:<\/strong> Se elimina el plazo de un mes de espera para solicitar el subsidio tras agotar la prestaci\u00f3n contributiva.<\/li>\n<li><strong>Complemento de ayuda al trabajo:<\/strong> Se crea un complemento de ayuda al trabajo para personas que inician una actividad laboral mientras reciben el subsidio.<\/li>\n<li><strong>Cambios en el paro y sanciones<\/strong>: Se introducen modificaciones en las reglas de la prestaci\u00f3n por desempleo y sanciones para quienes reciben prestaciones.<\/li>\n<li><strong>Permiso de lactancia y convenios colectivos<\/strong>: El permiso de lactancia se puede acumular en jornadas completas como derecho universal, y se modifica la prioridad de aplicaci\u00f3n de los convenios colectivos.<\/li>\n<\/ul>\n<p>Desde <span class=\"hiddenSpellError\">Gestingral<\/span> te ofrecemos nuestro asesoramiento en caso de que est\u00e9s en situaci\u00f3n de poder beneficiarte de este subsidio.<\/p>\n<\/div><\/div><\/div><\/div><\/div>\n","protected":false},"excerpt":{"rendered":"","protected":false},"author":16,"featured_media":15977,"comment_status":"closed","ping_status":"open","sticky":false,"template":"","format":"standard","meta":{"footnotes":""},"categories":[508,472,473],"tags":[],"class_list":["post-15979","post","type-post","status-publish","format-standard","has-post-thumbnail","hentry","category-autonomos-es","category-empresas-es","category-particulares-es"],"yoast_head":"<!-- This site is optimized with the Yoast SEO plugin v27.5 - https:\/\/yoast.com\/product\/yoast-seo-wordpress\/ -->\n<title>Reforma del subsidio de desempleo &#8226; Serveis d&#039;assessoria i gestoria.<\/title>\n<meta name=\"robots\" content=\"index, follow, max-snippet:-1, max-image-preview:large, max-video-preview:-1\" \/>\n<link rel=\"canonical\" href=\"https:\/\/www.gestingral.com\/es\/reforma-del-subsidio-de-desempleo\/\" \/>\n<meta property=\"og:locale\" content=\"es_ES\" \/>\n<meta property=\"og:type\" content=\"article\" \/>\n<meta property=\"og:title\" content=\"Reforma del subsidio de desempleo &#8226; Serveis d&#039;assessoria i gestoria.\" \/>\n<meta property=\"og:url\" content=\"https:\/\/www.gestingral.com\/es\/reforma-del-subsidio-de-desempleo\/\" \/>\n<meta property=\"og:site_name\" content=\"Gestingral Assessoria a Vilanova i la Geltr\u00fa.\" \/>\n<meta property=\"article:publisher\" content=\"https:\/\/www.facebook.com\/Gestingral\" \/>\n<meta property=\"article:published_time\" content=\"2023-12-20T15:58:24+00:00\" \/>\n<meta property=\"article:modified_time\" content=\"2025-03-25T14:44:44+00:00\" \/>\n<meta property=\"og:image\" content=\"https:\/\/www.gestingral.com\/wp-content\/uploads\/2023\/12\/subsisi-datur.png\" \/>\n\t<meta property=\"og:image:width\" content=\"1920\" \/>\n\t<meta property=\"og:image:height\" content=\"1210\" \/>\n\t<meta property=\"og:image:type\" content=\"image\/png\" \/>\n<meta name=\"author\" content=\"Irene\" \/>\n<meta name=\"twitter:card\" content=\"summary_large_image\" \/>\n<meta name=\"twitter:creator\" content=\"@gestingral\" \/>\n<meta name=\"twitter:site\" content=\"@gestingral\" \/>\n<meta name=\"twitter:label1\" content=\"Escrito por\" \/>\n\t<meta name=\"twitter:data1\" content=\"Irene\" \/>\n\t<meta name=\"twitter:label2\" content=\"Tiempo de lectura\" \/>\n\t<meta name=\"twitter:data2\" content=\"2 minutos\" \/>\n<script type=\"application\/ld+json\" class=\"yoast-schema-graph\">{\"@context\":\"https:\\\/\\\/schema.org\",\"@graph\":[{\"@type\":\"Article\",\"@id\":\"https:\\\/\\\/www.gestingral.com\\\/es\\\/reforma-del-subsidio-de-desempleo\\\/#article\",\"isPartOf\":{\"@id\":\"https:\\\/\\\/www.gestingral.com\\\/es\\\/reforma-del-subsidio-de-desempleo\\\/\"},\"author\":{\"name\":\"Irene\",\"@id\":\"https:\\\/\\\/www.gestingral.com\\\/es\\\/#\\\/schema\\\/person\\\/c70493b2483bff4451f38b9e80b19351\"},\"headline\":\"Reforma del subsidio de desempleo\",\"datePublished\":\"2023-12-20T15:58:24+00:00\",\"dateModified\":\"2025-03-25T14:44:44+00:00\",\"mainEntityOfPage\":{\"@id\":\"https:\\\/\\\/www.gestingral.com\\\/es\\\/reforma-del-subsidio-de-desempleo\\\/\"},\"wordCount\":1232,\"publisher\":{\"@id\":\"https:\\\/\\\/www.gestingral.com\\\/es\\\/#organization\"},\"image\":{\"@id\":\"https:\\\/\\\/www.gestingral.com\\\/es\\\/reforma-del-subsidio-de-desempleo\\\/#primaryimage\"},\"thumbnailUrl\":\"https:\\\/\\\/www.gestingral.com\\\/wp-content\\\/uploads\\\/2023\\\/12\\\/subsisi-datur.png\",\"articleSection\":[\"Aut\u00f3nomos\",\"Empresas\",\"Particulares\"],\"inLanguage\":\"es\"},{\"@type\":\"WebPage\",\"@id\":\"https:\\\/\\\/www.gestingral.com\\\/es\\\/reforma-del-subsidio-de-desempleo\\\/\",\"url\":\"https:\\\/\\\/www.gestingral.com\\\/es\\\/reforma-del-subsidio-de-desempleo\\\/\",\"name\":\"Reforma del subsidio de desempleo &#8226; Serveis d'assessoria i gestoria.\",\"isPartOf\":{\"@id\":\"https:\\\/\\\/www.gestingral.com\\\/es\\\/#website\"},\"primaryImageOfPage\":{\"@id\":\"https:\\\/\\\/www.gestingral.com\\\/es\\\/reforma-del-subsidio-de-desempleo\\\/#primaryimage\"},\"image\":{\"@id\":\"https:\\\/\\\/www.gestingral.com\\\/es\\\/reforma-del-subsidio-de-desempleo\\\/#primaryimage\"},\"thumbnailUrl\":\"https:\\\/\\\/www.gestingral.com\\\/wp-content\\\/uploads\\\/2023\\\/12\\\/subsisi-datur.png\",\"datePublished\":\"2023-12-20T15:58:24+00:00\",\"dateModified\":\"2025-03-25T14:44:44+00:00\",\"breadcrumb\":{\"@id\":\"https:\\\/\\\/www.gestingral.com\\\/es\\\/reforma-del-subsidio-de-desempleo\\\/#breadcrumb\"},\"inLanguage\":\"es\",\"potentialAction\":[{\"@type\":\"ReadAction\",\"target\":[\"https:\\\/\\\/www.gestingral.com\\\/es\\\/reforma-del-subsidio-de-desempleo\\\/\"]}]},{\"@type\":\"ImageObject\",\"inLanguage\":\"es\",\"@id\":\"https:\\\/\\\/www.gestingral.com\\\/es\\\/reforma-del-subsidio-de-desempleo\\\/#primaryimage\",\"url\":\"https:\\\/\\\/www.gestingral.com\\\/wp-content\\\/uploads\\\/2023\\\/12\\\/subsisi-datur.png\",\"contentUrl\":\"https:\\\/\\\/www.gestingral.com\\\/wp-content\\\/uploads\\\/2023\\\/12\\\/subsisi-datur.png\",\"width\":1920,\"height\":1210},{\"@type\":\"BreadcrumbList\",\"@id\":\"https:\\\/\\\/www.gestingral.com\\\/es\\\/reforma-del-subsidio-de-desempleo\\\/#breadcrumb\",\"itemListElement\":[{\"@type\":\"ListItem\",\"position\":1,\"name\":\"Portada\",\"item\":\"https:\\\/\\\/www.gestingral.com\\\/es\\\/\"},{\"@type\":\"ListItem\",\"position\":2,\"name\":\"Reforma del subsidio de desempleo\"}]},{\"@type\":\"WebSite\",\"@id\":\"https:\\\/\\\/www.gestingral.com\\\/es\\\/#website\",\"url\":\"https:\\\/\\\/www.gestingral.com\\\/es\\\/\",\"name\":\"Gestingral Assessoria a Vilanova i la Geltr\u00fa.\",\"description\":\"Assessors - Consultors - Advocats\",\"publisher\":{\"@id\":\"https:\\\/\\\/www.gestingral.com\\\/es\\\/#organization\"},\"potentialAction\":[{\"@type\":\"SearchAction\",\"target\":{\"@type\":\"EntryPoint\",\"urlTemplate\":\"https:\\\/\\\/www.gestingral.com\\\/es\\\/?s={search_term_string}\"},\"query-input\":{\"@type\":\"PropertyValueSpecification\",\"valueRequired\":true,\"valueName\":\"search_term_string\"}}],\"inLanguage\":\"es\"},{\"@type\":\"Organization\",\"@id\":\"https:\\\/\\\/www.gestingral.com\\\/es\\\/#organization\",\"name\":\"Gestingral Assessoria\",\"url\":\"https:\\\/\\\/www.gestingral.com\\\/es\\\/\",\"logo\":{\"@type\":\"ImageObject\",\"inLanguage\":\"es\",\"@id\":\"https:\\\/\\\/www.gestingral.com\\\/es\\\/#\\\/schema\\\/logo\\\/image\\\/\",\"url\":\"https:\\\/\\\/www.gestingral.com\\\/wp-content\\\/uploads\\\/2021\\\/03\\\/gestingral-logo-retina.png\",\"contentUrl\":\"https:\\\/\\\/www.gestingral.com\\\/wp-content\\\/uploads\\\/2021\\\/03\\\/gestingral-logo-retina.png\",\"width\":340,\"height\":342,\"caption\":\"Gestingral Assessoria\"},\"image\":{\"@id\":\"https:\\\/\\\/www.gestingral.com\\\/es\\\/#\\\/schema\\\/logo\\\/image\\\/\"},\"sameAs\":[\"https:\\\/\\\/www.facebook.com\\\/Gestingral\",\"https:\\\/\\\/x.com\\\/gestingral\",\"https:\\\/\\\/www.instagram.com\\\/gestingral\",\"https:\\\/\\\/www.linkedin.com\\\/company\\\/gestingral\"]},{\"@type\":\"Person\",\"@id\":\"https:\\\/\\\/www.gestingral.com\\\/es\\\/#\\\/schema\\\/person\\\/c70493b2483bff4451f38b9e80b19351\",\"name\":\"Irene\",\"image\":{\"@type\":\"ImageObject\",\"inLanguage\":\"es\",\"@id\":\"https:\\\/\\\/secure.gravatar.com\\\/avatar\\\/92acc064d2af341d91f0af3b25f2ff070ee1cba4f6f3885c92f8dfd20aed8756?s=96&d=mm&r=g\",\"url\":\"https:\\\/\\\/secure.gravatar.com\\\/avatar\\\/92acc064d2af341d91f0af3b25f2ff070ee1cba4f6f3885c92f8dfd20aed8756?s=96&d=mm&r=g\",\"contentUrl\":\"https:\\\/\\\/secure.gravatar.com\\\/avatar\\\/92acc064d2af341d91f0af3b25f2ff070ee1cba4f6f3885c92f8dfd20aed8756?s=96&d=mm&r=g\",\"caption\":\"Irene\"},\"url\":\"https:\\\/\\\/www.gestingral.com\\\/es\\\/author\\\/iperaire\\\/\"}]}<\/script>\n<!-- \/ Yoast SEO plugin. -->","yoast_head_json":{"title":"Reforma del subsidio de desempleo &#8226; Serveis d'assessoria i gestoria.","robots":{"index":"index","follow":"follow","max-snippet":"max-snippet:-1","max-image-preview":"max-image-preview:large","max-video-preview":"max-video-preview:-1"},"canonical":"https:\/\/www.gestingral.com\/es\/reforma-del-subsidio-de-desempleo\/","og_locale":"es_ES","og_type":"article","og_title":"Reforma del subsidio de desempleo &#8226; Serveis d'assessoria i gestoria.","og_url":"https:\/\/www.gestingral.com\/es\/reforma-del-subsidio-de-desempleo\/","og_site_name":"Gestingral Assessoria a Vilanova i la Geltr\u00fa.","article_publisher":"https:\/\/www.facebook.com\/Gestingral","article_published_time":"2023-12-20T15:58:24+00:00","article_modified_time":"2025-03-25T14:44:44+00:00","og_image":[{"width":1920,"height":1210,"url":"https:\/\/www.gestingral.com\/wp-content\/uploads\/2023\/12\/subsisi-datur.png","type":"image\/png"}],"author":"Irene","twitter_card":"summary_large_image","twitter_creator":"@gestingral","twitter_site":"@gestingral","twitter_misc":{"Escrito por":"Irene","Tiempo de lectura":"2 minutos"},"schema":{"@context":"https:\/\/schema.org","@graph":[{"@type":"Article","@id":"https:\/\/www.gestingral.com\/es\/reforma-del-subsidio-de-desempleo\/#article","isPartOf":{"@id":"https:\/\/www.gestingral.com\/es\/reforma-del-subsidio-de-desempleo\/"},"author":{"name":"Irene","@id":"https:\/\/www.gestingral.com\/es\/#\/schema\/person\/c70493b2483bff4451f38b9e80b19351"},"headline":"Reforma del subsidio de desempleo","datePublished":"2023-12-20T15:58:24+00:00","dateModified":"2025-03-25T14:44:44+00:00","mainEntityOfPage":{"@id":"https:\/\/www.gestingral.com\/es\/reforma-del-subsidio-de-desempleo\/"},"wordCount":1232,"publisher":{"@id":"https:\/\/www.gestingral.com\/es\/#organization"},"image":{"@id":"https:\/\/www.gestingral.com\/es\/reforma-del-subsidio-de-desempleo\/#primaryimage"},"thumbnailUrl":"https:\/\/www.gestingral.com\/wp-content\/uploads\/2023\/12\/subsisi-datur.png","articleSection":["Aut\u00f3nomos","Empresas","Particulares"],"inLanguage":"es"},{"@type":"WebPage","@id":"https:\/\/www.gestingral.com\/es\/reforma-del-subsidio-de-desempleo\/","url":"https:\/\/www.gestingral.com\/es\/reforma-del-subsidio-de-desempleo\/","name":"Reforma del subsidio de desempleo &#8226; Serveis d'assessoria i gestoria.","isPartOf":{"@id":"https:\/\/www.gestingral.com\/es\/#website"},"primaryImageOfPage":{"@id":"https:\/\/www.gestingral.com\/es\/reforma-del-subsidio-de-desempleo\/#primaryimage"},"image":{"@id":"https:\/\/www.gestingral.com\/es\/reforma-del-subsidio-de-desempleo\/#primaryimage"},"thumbnailUrl":"https:\/\/www.gestingral.com\/wp-content\/uploads\/2023\/12\/subsisi-datur.png","datePublished":"2023-12-20T15:58:24+00:00","dateModified":"2025-03-25T14:44:44+00:00","breadcrumb":{"@id":"https:\/\/www.gestingral.com\/es\/reforma-del-subsidio-de-desempleo\/#breadcrumb"},"inLanguage":"es","potentialAction":[{"@type":"ReadAction","target":["https:\/\/www.gestingral.com\/es\/reforma-del-subsidio-de-desempleo\/"]}]},{"@type":"ImageObject","inLanguage":"es","@id":"https:\/\/www.gestingral.com\/es\/reforma-del-subsidio-de-desempleo\/#primaryimage","url":"https:\/\/www.gestingral.com\/wp-content\/uploads\/2023\/12\/subsisi-datur.png","contentUrl":"https:\/\/www.gestingral.com\/wp-content\/uploads\/2023\/12\/subsisi-datur.png","width":1920,"height":1210},{"@type":"BreadcrumbList","@id":"https:\/\/www.gestingral.com\/es\/reforma-del-subsidio-de-desempleo\/#breadcrumb","itemListElement":[{"@type":"ListItem","position":1,"name":"Portada","item":"https:\/\/www.gestingral.com\/es\/"},{"@type":"ListItem","position":2,"name":"Reforma del subsidio de desempleo"}]},{"@type":"WebSite","@id":"https:\/\/www.gestingral.com\/es\/#website","url":"https:\/\/www.gestingral.com\/es\/","name":"Gestingral Assessoria a Vilanova i la Geltr\u00fa.","description":"Assessors - Consultors - Advocats","publisher":{"@id":"https:\/\/www.gestingral.com\/es\/#organization"},"potentialAction":[{"@type":"SearchAction","target":{"@type":"EntryPoint","urlTemplate":"https:\/\/www.gestingral.com\/es\/?s={search_term_string}"},"query-input":{"@type":"PropertyValueSpecification","valueRequired":true,"valueName":"search_term_string"}}],"inLanguage":"es"},{"@type":"Organization","@id":"https:\/\/www.gestingral.com\/es\/#organization","name":"Gestingral Assessoria","url":"https:\/\/www.gestingral.com\/es\/","logo":{"@type":"ImageObject","inLanguage":"es","@id":"https:\/\/www.gestingral.com\/es\/#\/schema\/logo\/image\/","url":"https:\/\/www.gestingral.com\/wp-content\/uploads\/2021\/03\/gestingral-logo-retina.png","contentUrl":"https:\/\/www.gestingral.com\/wp-content\/uploads\/2021\/03\/gestingral-logo-retina.png","width":340,"height":342,"caption":"Gestingral Assessoria"},"image":{"@id":"https:\/\/www.gestingral.com\/es\/#\/schema\/logo\/image\/"},"sameAs":["https:\/\/www.facebook.com\/Gestingral","https:\/\/x.com\/gestingral","https:\/\/www.instagram.com\/gestingral","https:\/\/www.linkedin.com\/company\/gestingral"]},{"@type":"Person","@id":"https:\/\/www.gestingral.com\/es\/#\/schema\/person\/c70493b2483bff4451f38b9e80b19351","name":"Irene","image":{"@type":"ImageObject","inLanguage":"es","@id":"https:\/\/secure.gravatar.com\/avatar\/92acc064d2af341d91f0af3b25f2ff070ee1cba4f6f3885c92f8dfd20aed8756?s=96&d=mm&r=g","url":"https:\/\/secure.gravatar.com\/avatar\/92acc064d2af341d91f0af3b25f2ff070ee1cba4f6f3885c92f8dfd20aed8756?s=96&d=mm&r=g","contentUrl":"https:\/\/secure.gravatar.com\/avatar\/92acc064d2af341d91f0af3b25f2ff070ee1cba4f6f3885c92f8dfd20aed8756?s=96&d=mm&r=g","caption":"Irene"},"url":"https:\/\/www.gestingral.com\/es\/author\/iperaire\/"}]}},"_links":{"self":[{"href":"https:\/\/www.gestingral.com\/es\/wp-json\/wp\/v2\/posts\/15979","targetHints":{"allow":["GET"]}}],"collection":[{"href":"https:\/\/www.gestingral.com\/es\/wp-json\/wp\/v2\/posts"}],"about":[{"href":"https:\/\/www.gestingral.com\/es\/wp-json\/wp\/v2\/types\/post"}],"author":[{"embeddable":true,"href":"https:\/\/www.gestingral.com\/es\/wp-json\/wp\/v2\/users\/16"}],"replies":[{"embeddable":true,"href":"https:\/\/www.gestingral.com\/es\/wp-json\/wp\/v2\/comments?post=15979"}],"version-history":[{"count":7,"href":"https:\/\/www.gestingral.com\/es\/wp-json\/wp\/v2\/posts\/15979\/revisions"}],"predecessor-version":[{"id":17366,"href":"https:\/\/www.gestingral.com\/es\/wp-json\/wp\/v2\/posts\/15979\/revisions\/17366"}],"wp:featuredmedia":[{"embeddable":true,"href":"https:\/\/www.gestingral.com\/es\/wp-json\/wp\/v2\/media\/15977"}],"wp:attachment":[{"href":"https:\/\/www.gestingral.com\/es\/wp-json\/wp\/v2\/media?parent=15979"}],"wp:term":[{"taxonomy":"category","embeddable":true,"href":"https:\/\/www.gestingral.com\/es\/wp-json\/wp\/v2\/categories?post=15979"},{"taxonomy":"post_tag","embeddable":true,"href":"https:\/\/www.gestingral.com\/es\/wp-json\/wp\/v2\/tags?post=15979"}],"curies":[{"name":"wp","href":"https:\/\/api.w.org\/{rel}","templated":true}]}}