{"id":13515,"date":"2022-02-03T13:12:17","date_gmt":"2022-02-03T12:12:17","guid":{"rendered":"https:\/\/www.gestingral.com\/?p=13515"},"modified":"2022-02-23T13:36:22","modified_gmt":"2022-02-23T12:36:22","slug":"bajas-laborales","status":"publish","type":"post","link":"https:\/\/www.gestingral.com\/es\/bajas-laborales\/","title":{"rendered":"Bajas laborales: que hay que saber?"},"content":{"rendered":"<div class=\"fusion-fullwidth fullwidth-box fusion-builder-row-1 fusion-flex-container nonhundred-percent-fullwidth non-hundred-percent-height-scrolling\" style=\"--awb-border-radius-top-left:0px;--awb-border-radius-top-right:0px;--awb-border-radius-bottom-right:0px;--awb-border-radius-bottom-left:0px;--awb-flex-wrap:wrap;\" ><div class=\"fusion-builder-row fusion-row fusion-flex-align-items-flex-start fusion-flex-content-wrap\" style=\"max-width:1310.4px;margin-left: calc(-4% \/ 2 );margin-right: calc(-4% \/ 2 );\"><div class=\"fusion-layout-column fusion_builder_column fusion-builder-column-0 fusion_builder_column_1_1 1_1 fusion-flex-column\" style=\"--awb-bg-size:cover;--awb-width-large:100%;--awb-margin-top-large:20px;--awb-spacing-right-large:1.92%;--awb-margin-bottom-large:20px;--awb-spacing-left-large:1.92%;--awb-width-medium:100%;--awb-order-medium:0;--awb-spacing-right-medium:1.92%;--awb-spacing-left-medium:1.92%;--awb-width-small:100%;--awb-order-small:0;--awb-spacing-right-small:1.92%;--awb-spacing-left-small:1.92%;\"><div class=\"fusion-column-wrapper fusion-column-has-shadow fusion-flex-justify-content-flex-start fusion-content-layout-column\"><div class=\"accordian fusion-accordian\" style=\"--awb-border-size:1px;--awb-icon-size:16px;--awb-content-font-size:20px;--awb-icon-alignment:left;--awb-hover-color:#f9f9fb;--awb-border-color:#e2e2e2;--awb-background-color:#ffffff;--awb-divider-color:#e8ebef;--awb-divider-hover-color:#e8ebef;--awb-icon-color:#ffffff;--awb-title-color:#023a51;--awb-content-color:#003265;--awb-icon-box-color:#212934;--awb-toggle-hover-accent-color:#ff9900;--awb-title-font-family:&quot;Manrope&quot;;--awb-title-font-weight:700;--awb-title-font-style:normal;--awb-title-font-size:24px;--awb-content-font-family:&quot;Manrope&quot;;--awb-content-font-style:normal;--awb-content-font-weight:400;\"><div class=\"panel-group fusion-toggle-icon-boxed\" id=\"accordion-13515-1\"><div class=\"fusion-panel panel-default panel-b9aff6315a4bf4ce6 fusion-toggle-has-divider\"><div class=\"panel-heading\"><h4 class=\"panel-title toggle\" id=\"toggle_b9aff6315a4bf4ce6\"><a aria-expanded=\"false\" aria-controls=\"b9aff6315a4bf4ce6\" role=\"button\" data-toggle=\"collapse\" data-target=\"#b9aff6315a4bf4ce6\" href=\"#b9aff6315a4bf4ce6\"><span class=\"fusion-toggle-icon-wrapper\" aria-hidden=\"true\"><i class=\"fa-fusion-box active-icon awb-icon-minus\" aria-hidden=\"true\"><\/i><i class=\"fa-fusion-box inactive-icon awb-icon-plus\" aria-hidden=\"true\"><\/i><\/span><span class=\"fusion-toggle-heading\">\u00bfQu\u00e9 tipo de bajas laborales hay?<\/span><\/a><\/h4><\/div><div id=\"b9aff6315a4bf4ce6\" class=\"panel-collapse collapse \" aria-labelledby=\"toggle_b9aff6315a4bf4ce6\"><div class=\"panel-body toggle-content fusion-clearfix\">\n<ul>\n<li>Baja por contingencias comunes: Son aquellas en las que, un trabajador, por causa de una enfermedad no laboral se encuentra imposibilitado para el desarrollo de su trabajo.<\/li>\n<li>Baja por accidente laboral (in itinere): Incluye cualquier accidente que se haya localizado durante la ida y vuelta del trabajo, como en el momento en el que se est\u00e1 presente en el mismo.<\/li>\n<li>Baja por accidente NO laboral: Incluye todos aquellos accidentes que se hayan podido localizar fuera del \u00e1mbito del trabajo.<\/li>\n<\/ul>\n<\/div><\/div><\/div><div class=\"fusion-panel panel-default panel-8b3a41d81a5a9d063 fusion-toggle-has-divider\"><div class=\"panel-heading\"><h4 class=\"panel-title toggle\" id=\"toggle_8b3a41d81a5a9d063\"><a aria-expanded=\"false\" aria-controls=\"8b3a41d81a5a9d063\" role=\"button\" data-toggle=\"collapse\" data-target=\"#8b3a41d81a5a9d063\" href=\"#8b3a41d81a5a9d063\"><span class=\"fusion-toggle-icon-wrapper\" aria-hidden=\"true\"><i class=\"fa-fusion-box active-icon awb-icon-minus\" aria-hidden=\"true\"><\/i><i class=\"fa-fusion-box inactive-icon awb-icon-plus\" aria-hidden=\"true\"><\/i><\/span><span class=\"fusion-toggle-heading\">\u00bfLos aut\u00f3nomos, pueden coger la baja m\u00e9dica?<\/span><\/a><\/h4><\/div><div id=\"8b3a41d81a5a9d063\" class=\"panel-collapse collapse \" aria-labelledby=\"toggle_8b3a41d81a5a9d063\"><div class=\"panel-body toggle-content fusion-clearfix\">\n<p>S\u00ed, tendr\u00e1n que tramitar el pago directo a trav\u00e9s de la mutua.<\/p>\n<\/div><\/div><\/div><div class=\"fusion-panel panel-default panel-94a1e09df9e7c44bc fusion-toggle-has-divider\"><div class=\"panel-heading\"><h4 class=\"panel-title toggle\" id=\"toggle_94a1e09df9e7c44bc\"><a aria-expanded=\"false\" aria-controls=\"94a1e09df9e7c44bc\" role=\"button\" data-toggle=\"collapse\" data-target=\"#94a1e09df9e7c44bc\" href=\"#94a1e09df9e7c44bc\"><span class=\"fusion-toggle-icon-wrapper\" aria-hidden=\"true\"><i class=\"fa-fusion-box active-icon awb-icon-minus\" aria-hidden=\"true\"><\/i><i class=\"fa-fusion-box inactive-icon awb-icon-plus\" aria-hidden=\"true\"><\/i><\/span><span class=\"fusion-toggle-heading\">\u00bfY podr\u00e1n continuar facturando durante el periodo de baja?<\/span><\/a><\/h4><\/div><div id=\"94a1e09df9e7c44bc\" class=\"panel-collapse collapse \" aria-labelledby=\"toggle_94a1e09df9e7c44bc\"><div class=\"panel-body toggle-content fusion-clearfix\">\n<p>No, tener una baja laboral implica que no se pueda facturar, puesto que se interpreta como una suspensi\u00f3n de la actividad. Excepto aquellos aut\u00f3nomos societarios que puedan delegar su funci\u00f3n a una otra persona de la sociedad.<\/p>\n<\/div><\/div><\/div><div class=\"fusion-panel panel-default panel-995456390057e5626 fusion-toggle-has-divider\"><div class=\"panel-heading\"><h4 class=\"panel-title toggle\" id=\"toggle_995456390057e5626\"><a aria-expanded=\"false\" aria-controls=\"995456390057e5626\" role=\"button\" data-toggle=\"collapse\" data-target=\"#995456390057e5626\" href=\"#995456390057e5626\"><span class=\"fusion-toggle-icon-wrapper\" aria-hidden=\"true\"><i class=\"fa-fusion-box active-icon awb-icon-minus\" aria-hidden=\"true\"><\/i><i class=\"fa-fusion-box inactive-icon awb-icon-plus\" aria-hidden=\"true\"><\/i><\/span><span class=\"fusion-toggle-heading\">\u00bfCu\u00e1nto se cobra cuando se est\u00e1 de baja?<\/span><\/a><\/h4><\/div><div id=\"995456390057e5626\" class=\"panel-collapse collapse \" aria-labelledby=\"toggle_995456390057e5626\"><div class=\"panel-body toggle-content fusion-clearfix\">\n<ul>\n<li>Tanto por contingencias comunes, como por accidente no laboral, se cobra a partir del 4.\u00ba d\u00eda de baja el 60% del importe del salario base y, a partir del d\u00eda n\u00famero 21 de la baja, el 75% del salario base.<\/li>\n<li>En cambio, cuando hay una baja por accidente laboral, se cobra desde el d\u00eda 1 el 75% del importe del salario base.<\/li>\n<\/ul>\n<\/div><\/div><\/div><div class=\"fusion-panel panel-default panel-a39381be40af5176c fusion-toggle-has-divider\"><div class=\"panel-heading\"><h4 class=\"panel-title toggle\" id=\"toggle_a39381be40af5176c\"><a aria-expanded=\"false\" aria-controls=\"a39381be40af5176c\" role=\"button\" data-toggle=\"collapse\" data-target=\"#a39381be40af5176c\" href=\"#a39381be40af5176c\"><span class=\"fusion-toggle-icon-wrapper\" aria-hidden=\"true\"><i class=\"fa-fusion-box active-icon awb-icon-minus\" aria-hidden=\"true\"><\/i><i class=\"fa-fusion-box inactive-icon awb-icon-plus\" aria-hidden=\"true\"><\/i><\/span><span class=\"fusion-toggle-heading\">\u00bfY si es una baja por maternidad o paternidad?<\/span><\/a><\/h4><\/div><div id=\"a39381be40af5176c\" class=\"panel-collapse collapse \" aria-labelledby=\"toggle_a39381be40af5176c\"><div class=\"panel-body toggle-content fusion-clearfix\">Toda la informaci\u00f3n sobre bajas de maternidad o paternidad la encontraras en <u><a href=\"https:\/\/www.gestingral.com\/es\/bajas-por-maternidad-y-paternidad\/\">este enlace<\/a><\/u>.<\/div><\/div><\/div><\/div><\/div><\/div><\/div><\/div><\/div>\n","protected":false},"excerpt":{"rendered":"","protected":false},"author":16,"featured_media":0,"comment_status":"closed","ping_status":"open","sticky":false,"template":"","format":"standard","meta":{"footnotes":""},"categories":[882],"tags":[],"class_list":["post-13515","post","type-post","status-publish","format-standard","hentry","category-preguntas-frecuentes"],"yoast_head":"<!-- This site is optimized with the Yoast SEO plugin v27.5 - https:\/\/yoast.com\/product\/yoast-seo-wordpress\/ -->\n<title>Bajas laborales: que hay que saber? &#8226; Serveis d&#039;assessoria i gestoria.<\/title>\n<meta name=\"robots\" content=\"index, follow, max-snippet:-1, max-image-preview:large, max-video-preview:-1\" \/>\n<link rel=\"canonical\" href=\"https:\/\/www.gestingral.com\/es\/bajas-laborales\/\" \/>\n<meta property=\"og:locale\" content=\"es_ES\" \/>\n<meta property=\"og:type\" content=\"article\" \/>\n<meta property=\"og:title\" content=\"Bajas laborales: que hay que saber? &#8226; Serveis d&#039;assessoria i gestoria.\" \/>\n<meta property=\"og:url\" content=\"https:\/\/www.gestingral.com\/es\/bajas-laborales\/\" \/>\n<meta property=\"og:site_name\" content=\"Gestingral Assessoria a Vilanova i la Geltr\u00fa.\" \/>\n<meta property=\"article:publisher\" content=\"https:\/\/www.facebook.com\/Gestingral\" \/>\n<meta property=\"article:published_time\" content=\"2022-02-03T12:12:17+00:00\" \/>\n<meta property=\"article:modified_time\" content=\"2022-02-23T12:36:22+00:00\" \/>\n<meta name=\"author\" content=\"Irene\" \/>\n<meta name=\"twitter:card\" content=\"summary_large_image\" \/>\n<meta name=\"twitter:creator\" content=\"@gestingral\" \/>\n<meta name=\"twitter:site\" content=\"@gestingral\" \/>\n<meta name=\"twitter:label1\" content=\"Escrito por\" \/>\n\t<meta name=\"twitter:data1\" content=\"Irene\" \/>\n\t<meta name=\"twitter:label2\" content=\"Tiempo de lectura\" \/>\n\t<meta name=\"twitter:data2\" content=\"6 minutos\" \/>\n<script type=\"application\/ld+json\" class=\"yoast-schema-graph\">{\"@context\":\"https:\\\/\\\/schema.org\",\"@graph\":[{\"@type\":\"Article\",\"@id\":\"https:\\\/\\\/www.gestingral.com\\\/es\\\/bajas-laborales\\\/#article\",\"isPartOf\":{\"@id\":\"https:\\\/\\\/www.gestingral.com\\\/es\\\/bajas-laborales\\\/\"},\"author\":{\"name\":\"Irene\",\"@id\":\"https:\\\/\\\/www.gestingral.com\\\/es\\\/#\\\/schema\\\/person\\\/c70493b2483bff4451f38b9e80b19351\"},\"headline\":\"Bajas laborales: que hay que saber?\",\"datePublished\":\"2022-02-03T12:12:17+00:00\",\"dateModified\":\"2022-02-23T12:36:22+00:00\",\"mainEntityOfPage\":{\"@id\":\"https:\\\/\\\/www.gestingral.com\\\/es\\\/bajas-laborales\\\/\"},\"wordCount\":1106,\"publisher\":{\"@id\":\"https:\\\/\\\/www.gestingral.com\\\/es\\\/#organization\"},\"articleSection\":[\"FAQS\"],\"inLanguage\":\"es\"},{\"@type\":\"WebPage\",\"@id\":\"https:\\\/\\\/www.gestingral.com\\\/es\\\/bajas-laborales\\\/\",\"url\":\"https:\\\/\\\/www.gestingral.com\\\/es\\\/bajas-laborales\\\/\",\"name\":\"Bajas laborales: que hay que saber? &#8226; Serveis d'assessoria i gestoria.\",\"isPartOf\":{\"@id\":\"https:\\\/\\\/www.gestingral.com\\\/es\\\/#website\"},\"datePublished\":\"2022-02-03T12:12:17+00:00\",\"dateModified\":\"2022-02-23T12:36:22+00:00\",\"breadcrumb\":{\"@id\":\"https:\\\/\\\/www.gestingral.com\\\/es\\\/bajas-laborales\\\/#breadcrumb\"},\"inLanguage\":\"es\",\"potentialAction\":[{\"@type\":\"ReadAction\",\"target\":[\"https:\\\/\\\/www.gestingral.com\\\/es\\\/bajas-laborales\\\/\"]}]},{\"@type\":\"BreadcrumbList\",\"@id\":\"https:\\\/\\\/www.gestingral.com\\\/es\\\/bajas-laborales\\\/#breadcrumb\",\"itemListElement\":[{\"@type\":\"ListItem\",\"position\":1,\"name\":\"Portada\",\"item\":\"https:\\\/\\\/www.gestingral.com\\\/es\\\/\"},{\"@type\":\"ListItem\",\"position\":2,\"name\":\"Bajas laborales: que hay que saber?\"}]},{\"@type\":\"WebSite\",\"@id\":\"https:\\\/\\\/www.gestingral.com\\\/es\\\/#website\",\"url\":\"https:\\\/\\\/www.gestingral.com\\\/es\\\/\",\"name\":\"Gestingral Assessoria a Vilanova i la Geltr\u00fa.\",\"description\":\"Assessors - Consultors - Advocats\",\"publisher\":{\"@id\":\"https:\\\/\\\/www.gestingral.com\\\/es\\\/#organization\"},\"potentialAction\":[{\"@type\":\"SearchAction\",\"target\":{\"@type\":\"EntryPoint\",\"urlTemplate\":\"https:\\\/\\\/www.gestingral.com\\\/es\\\/?s={search_term_string}\"},\"query-input\":{\"@type\":\"PropertyValueSpecification\",\"valueRequired\":true,\"valueName\":\"search_term_string\"}}],\"inLanguage\":\"es\"},{\"@type\":\"Organization\",\"@id\":\"https:\\\/\\\/www.gestingral.com\\\/es\\\/#organization\",\"name\":\"Gestingral Assessoria\",\"url\":\"https:\\\/\\\/www.gestingral.com\\\/es\\\/\",\"logo\":{\"@type\":\"ImageObject\",\"inLanguage\":\"es\",\"@id\":\"https:\\\/\\\/www.gestingral.com\\\/es\\\/#\\\/schema\\\/logo\\\/image\\\/\",\"url\":\"https:\\\/\\\/www.gestingral.com\\\/wp-content\\\/uploads\\\/2021\\\/03\\\/gestingral-logo-retina.png\",\"contentUrl\":\"https:\\\/\\\/www.gestingral.com\\\/wp-content\\\/uploads\\\/2021\\\/03\\\/gestingral-logo-retina.png\",\"width\":340,\"height\":342,\"caption\":\"Gestingral Assessoria\"},\"image\":{\"@id\":\"https:\\\/\\\/www.gestingral.com\\\/es\\\/#\\\/schema\\\/logo\\\/image\\\/\"},\"sameAs\":[\"https:\\\/\\\/www.facebook.com\\\/Gestingral\",\"https:\\\/\\\/x.com\\\/gestingral\",\"https:\\\/\\\/www.instagram.com\\\/gestingral\",\"https:\\\/\\\/www.linkedin.com\\\/company\\\/gestingral\"]},{\"@type\":\"Person\",\"@id\":\"https:\\\/\\\/www.gestingral.com\\\/es\\\/#\\\/schema\\\/person\\\/c70493b2483bff4451f38b9e80b19351\",\"name\":\"Irene\",\"image\":{\"@type\":\"ImageObject\",\"inLanguage\":\"es\",\"@id\":\"https:\\\/\\\/secure.gravatar.com\\\/avatar\\\/92acc064d2af341d91f0af3b25f2ff070ee1cba4f6f3885c92f8dfd20aed8756?s=96&d=mm&r=g\",\"url\":\"https:\\\/\\\/secure.gravatar.com\\\/avatar\\\/92acc064d2af341d91f0af3b25f2ff070ee1cba4f6f3885c92f8dfd20aed8756?s=96&d=mm&r=g\",\"contentUrl\":\"https:\\\/\\\/secure.gravatar.com\\\/avatar\\\/92acc064d2af341d91f0af3b25f2ff070ee1cba4f6f3885c92f8dfd20aed8756?s=96&d=mm&r=g\",\"caption\":\"Irene\"},\"url\":\"https:\\\/\\\/www.gestingral.com\\\/es\\\/author\\\/iperaire\\\/\"}]}<\/script>\n<!-- \/ Yoast SEO plugin. -->","yoast_head_json":{"title":"Bajas laborales: que hay que saber? &#8226; Serveis d'assessoria i gestoria.","robots":{"index":"index","follow":"follow","max-snippet":"max-snippet:-1","max-image-preview":"max-image-preview:large","max-video-preview":"max-video-preview:-1"},"canonical":"https:\/\/www.gestingral.com\/es\/bajas-laborales\/","og_locale":"es_ES","og_type":"article","og_title":"Bajas laborales: que hay que saber? &#8226; Serveis d'assessoria i gestoria.","og_url":"https:\/\/www.gestingral.com\/es\/bajas-laborales\/","og_site_name":"Gestingral Assessoria a Vilanova i la Geltr\u00fa.","article_publisher":"https:\/\/www.facebook.com\/Gestingral","article_published_time":"2022-02-03T12:12:17+00:00","article_modified_time":"2022-02-23T12:36:22+00:00","author":"Irene","twitter_card":"summary_large_image","twitter_creator":"@gestingral","twitter_site":"@gestingral","twitter_misc":{"Escrito por":"Irene","Tiempo de lectura":"6 minutos"},"schema":{"@context":"https:\/\/schema.org","@graph":[{"@type":"Article","@id":"https:\/\/www.gestingral.com\/es\/bajas-laborales\/#article","isPartOf":{"@id":"https:\/\/www.gestingral.com\/es\/bajas-laborales\/"},"author":{"name":"Irene","@id":"https:\/\/www.gestingral.com\/es\/#\/schema\/person\/c70493b2483bff4451f38b9e80b19351"},"headline":"Bajas laborales: que hay que saber?","datePublished":"2022-02-03T12:12:17+00:00","dateModified":"2022-02-23T12:36:22+00:00","mainEntityOfPage":{"@id":"https:\/\/www.gestingral.com\/es\/bajas-laborales\/"},"wordCount":1106,"publisher":{"@id":"https:\/\/www.gestingral.com\/es\/#organization"},"articleSection":["FAQS"],"inLanguage":"es"},{"@type":"WebPage","@id":"https:\/\/www.gestingral.com\/es\/bajas-laborales\/","url":"https:\/\/www.gestingral.com\/es\/bajas-laborales\/","name":"Bajas laborales: que hay que saber? &#8226; Serveis d'assessoria i gestoria.","isPartOf":{"@id":"https:\/\/www.gestingral.com\/es\/#website"},"datePublished":"2022-02-03T12:12:17+00:00","dateModified":"2022-02-23T12:36:22+00:00","breadcrumb":{"@id":"https:\/\/www.gestingral.com\/es\/bajas-laborales\/#breadcrumb"},"inLanguage":"es","potentialAction":[{"@type":"ReadAction","target":["https:\/\/www.gestingral.com\/es\/bajas-laborales\/"]}]},{"@type":"BreadcrumbList","@id":"https:\/\/www.gestingral.com\/es\/bajas-laborales\/#breadcrumb","itemListElement":[{"@type":"ListItem","position":1,"name":"Portada","item":"https:\/\/www.gestingral.com\/es\/"},{"@type":"ListItem","position":2,"name":"Bajas laborales: que hay que saber?"}]},{"@type":"WebSite","@id":"https:\/\/www.gestingral.com\/es\/#website","url":"https:\/\/www.gestingral.com\/es\/","name":"Gestingral Assessoria a Vilanova i la Geltr\u00fa.","description":"Assessors - Consultors - Advocats","publisher":{"@id":"https:\/\/www.gestingral.com\/es\/#organization"},"potentialAction":[{"@type":"SearchAction","target":{"@type":"EntryPoint","urlTemplate":"https:\/\/www.gestingral.com\/es\/?s={search_term_string}"},"query-input":{"@type":"PropertyValueSpecification","valueRequired":true,"valueName":"search_term_string"}}],"inLanguage":"es"},{"@type":"Organization","@id":"https:\/\/www.gestingral.com\/es\/#organization","name":"Gestingral Assessoria","url":"https:\/\/www.gestingral.com\/es\/","logo":{"@type":"ImageObject","inLanguage":"es","@id":"https:\/\/www.gestingral.com\/es\/#\/schema\/logo\/image\/","url":"https:\/\/www.gestingral.com\/wp-content\/uploads\/2021\/03\/gestingral-logo-retina.png","contentUrl":"https:\/\/www.gestingral.com\/wp-content\/uploads\/2021\/03\/gestingral-logo-retina.png","width":340,"height":342,"caption":"Gestingral Assessoria"},"image":{"@id":"https:\/\/www.gestingral.com\/es\/#\/schema\/logo\/image\/"},"sameAs":["https:\/\/www.facebook.com\/Gestingral","https:\/\/x.com\/gestingral","https:\/\/www.instagram.com\/gestingral","https:\/\/www.linkedin.com\/company\/gestingral"]},{"@type":"Person","@id":"https:\/\/www.gestingral.com\/es\/#\/schema\/person\/c70493b2483bff4451f38b9e80b19351","name":"Irene","image":{"@type":"ImageObject","inLanguage":"es","@id":"https:\/\/secure.gravatar.com\/avatar\/92acc064d2af341d91f0af3b25f2ff070ee1cba4f6f3885c92f8dfd20aed8756?s=96&d=mm&r=g","url":"https:\/\/secure.gravatar.com\/avatar\/92acc064d2af341d91f0af3b25f2ff070ee1cba4f6f3885c92f8dfd20aed8756?s=96&d=mm&r=g","contentUrl":"https:\/\/secure.gravatar.com\/avatar\/92acc064d2af341d91f0af3b25f2ff070ee1cba4f6f3885c92f8dfd20aed8756?s=96&d=mm&r=g","caption":"Irene"},"url":"https:\/\/www.gestingral.com\/es\/author\/iperaire\/"}]}},"_links":{"self":[{"href":"https:\/\/www.gestingral.com\/es\/wp-json\/wp\/v2\/posts\/13515","targetHints":{"allow":["GET"]}}],"collection":[{"href":"https:\/\/www.gestingral.com\/es\/wp-json\/wp\/v2\/posts"}],"about":[{"href":"https:\/\/www.gestingral.com\/es\/wp-json\/wp\/v2\/types\/post"}],"author":[{"embeddable":true,"href":"https:\/\/www.gestingral.com\/es\/wp-json\/wp\/v2\/users\/16"}],"replies":[{"embeddable":true,"href":"https:\/\/www.gestingral.com\/es\/wp-json\/wp\/v2\/comments?post=13515"}],"version-history":[{"count":5,"href":"https:\/\/www.gestingral.com\/es\/wp-json\/wp\/v2\/posts\/13515\/revisions"}],"predecessor-version":[{"id":13584,"href":"https:\/\/www.gestingral.com\/es\/wp-json\/wp\/v2\/posts\/13515\/revisions\/13584"}],"wp:attachment":[{"href":"https:\/\/www.gestingral.com\/es\/wp-json\/wp\/v2\/media?parent=13515"}],"wp:term":[{"taxonomy":"category","embeddable":true,"href":"https:\/\/www.gestingral.com\/es\/wp-json\/wp\/v2\/categories?post=13515"},{"taxonomy":"post_tag","embeddable":true,"href":"https:\/\/www.gestingral.com\/es\/wp-json\/wp\/v2\/tags?post=13515"}],"curies":[{"name":"wp","href":"https:\/\/api.w.org\/{rel}","templated":true}]}}