{"id":13429,"date":"2022-02-04T07:00:34","date_gmt":"2022-02-04T06:00:34","guid":{"rendered":"https:\/\/www.gestingral.com\/?p=13429"},"modified":"2022-02-23T13:24:51","modified_gmt":"2022-02-23T12:24:51","slug":"capitalizacion-del-paro","status":"publish","type":"post","link":"https:\/\/www.gestingral.com\/es\/capitalizacion-del-paro\/","title":{"rendered":"\u00bfC\u00f3mo se capitaliza el paro?"},"content":{"rendered":"<div class=\"fusion-fullwidth fullwidth-box fusion-builder-row-1 fusion-flex-container nonhundred-percent-fullwidth non-hundred-percent-height-scrolling\" style=\"--awb-border-radius-top-left:0px;--awb-border-radius-top-right:0px;--awb-border-radius-bottom-right:0px;--awb-border-radius-bottom-left:0px;--awb-flex-wrap:wrap;\" ><div class=\"fusion-builder-row fusion-row fusion-flex-align-items-flex-start fusion-flex-content-wrap\" style=\"max-width:1310.4px;margin-left: calc(-4% \/ 2 );margin-right: calc(-4% \/ 2 );\"><div class=\"fusion-layout-column fusion_builder_column fusion-builder-column-0 fusion_builder_column_1_1 1_1 fusion-flex-column\" style=\"--awb-bg-size:cover;--awb-width-large:100%;--awb-margin-top-large:20px;--awb-spacing-right-large:1.92%;--awb-margin-bottom-large:20px;--awb-spacing-left-large:1.92%;--awb-width-medium:100%;--awb-order-medium:0;--awb-spacing-right-medium:1.92%;--awb-spacing-left-medium:1.92%;--awb-width-small:100%;--awb-order-small:0;--awb-spacing-right-small:1.92%;--awb-spacing-left-small:1.92%;\"><div class=\"fusion-column-wrapper fusion-column-has-shadow fusion-flex-justify-content-flex-start fusion-content-layout-column\"><div class=\"accordian fusion-accordian\" style=\"--awb-border-size:1px;--awb-icon-size:16px;--awb-content-font-size:20px;--awb-icon-alignment:left;--awb-hover-color:#f9f9fb;--awb-border-color:#e2e2e2;--awb-background-color:#ffffff;--awb-divider-color:#e8ebef;--awb-divider-hover-color:#e8ebef;--awb-icon-color:#ffffff;--awb-title-color:#023a51;--awb-content-color:#003265;--awb-icon-box-color:#212934;--awb-toggle-hover-accent-color:#ff9900;--awb-title-font-family:&quot;Manrope&quot;;--awb-title-font-weight:700;--awb-title-font-style:normal;--awb-title-font-size:24px;--awb-content-font-family:&quot;Manrope&quot;;--awb-content-font-style:normal;--awb-content-font-weight:400;\"><div class=\"panel-group fusion-toggle-icon-boxed\" id=\"accordion-13429-1\"><div class=\"fusion-panel panel-default panel-4b78f62c613067932 fusion-toggle-has-divider\"><div class=\"panel-heading\"><h4 class=\"panel-title toggle\" id=\"toggle_4b78f62c613067932\"><a aria-expanded=\"false\" aria-controls=\"4b78f62c613067932\" role=\"button\" data-toggle=\"collapse\" data-target=\"#4b78f62c613067932\" href=\"#4b78f62c613067932\"><span class=\"fusion-toggle-icon-wrapper\" aria-hidden=\"true\"><i class=\"fa-fusion-box active-icon awb-icon-minus\" aria-hidden=\"true\"><\/i><i class=\"fa-fusion-box inactive-icon awb-icon-plus\" aria-hidden=\"true\"><\/i><\/span><span class=\"fusion-toggle-heading\">\u00bfQu\u00e9 es la capitalizaci\u00f3n del paro?<\/span><\/a><\/h4><\/div><div id=\"4b78f62c613067932\" class=\"panel-collapse collapse \" aria-labelledby=\"toggle_4b78f62c613067932\"><div class=\"panel-body toggle-content fusion-clearfix\">\n<p>Es el abono anticipado de la prestaci\u00f3n de paro correspondiente y pendiente de cobrar. Se utiliza para impulsar la creaci\u00f3n de negocios como trabajador\/a aut\u00f3nomo\/a, ya sea como aut\u00f3nomo individual como para constituir una sociedad.<\/p>\n<\/div><\/div><\/div><div class=\"fusion-panel panel-default panel-37eb24b9bb0398318 fusion-toggle-has-divider\"><div class=\"panel-heading\"><h4 class=\"panel-title toggle\" id=\"toggle_37eb24b9bb0398318\"><a aria-expanded=\"false\" aria-controls=\"37eb24b9bb0398318\" role=\"button\" data-toggle=\"collapse\" data-target=\"#37eb24b9bb0398318\" href=\"#37eb24b9bb0398318\"><span class=\"fusion-toggle-icon-wrapper\" aria-hidden=\"true\"><i class=\"fa-fusion-box active-icon awb-icon-minus\" aria-hidden=\"true\"><\/i><i class=\"fa-fusion-box inactive-icon awb-icon-plus\" aria-hidden=\"true\"><\/i><\/span><span class=\"fusion-toggle-heading\">\u00bfQu\u00e9 requisitos se necesitan cumplir para pedir la capitalizaci\u00f3n del paro?<\/span><\/a><\/h4><\/div><div id=\"37eb24b9bb0398318\" class=\"panel-collapse collapse \" aria-labelledby=\"toggle_37eb24b9bb0398318\"><div class=\"panel-body toggle-content fusion-clearfix\">\n<ul>\n<li>Estar en situaci\u00f3n de paro.<\/li>\n<li>Tener pendiente de recibir, en la fecha de solicitud, al menos 3 mensualidades.<\/li>\n<li>No haber hecho uso de la capitalizaci\u00f3n, en cualquiera de sus modalidades, en los 4 a\u00f1os anteriores.<\/li>\n<li>No haber compatibilizado la prestaci\u00f3n de paro con trabajo por cuenta propia durante los \u00faltimos 24 meses.<\/li>\n<li>Iniciar la actividad en el plazo m\u00e1ximo de 1 mes desde la resoluci\u00f3n de concesi\u00f3n del derecho y, siempre, en fecha posterior a la solicitud.<\/li>\n<\/ul>\n<\/div><\/div><\/div><div class=\"fusion-panel panel-default panel-8cd9ab74cc93ab3fe fusion-toggle-has-divider\"><div class=\"panel-heading\"><h4 class=\"panel-title toggle\" id=\"toggle_8cd9ab74cc93ab3fe\"><a aria-expanded=\"false\" aria-controls=\"8cd9ab74cc93ab3fe\" role=\"button\" data-toggle=\"collapse\" data-target=\"#8cd9ab74cc93ab3fe\" href=\"#8cd9ab74cc93ab3fe\"><span class=\"fusion-toggle-icon-wrapper\" aria-hidden=\"true\"><i class=\"fa-fusion-box active-icon awb-icon-minus\" aria-hidden=\"true\"><\/i><i class=\"fa-fusion-box inactive-icon awb-icon-plus\" aria-hidden=\"true\"><\/i><\/span><span class=\"fusion-toggle-heading\">\u00bfQu\u00e9 diferencia hay entre capitalizar el paro para hacerse aut\u00f3nomo persona f\u00edsica y capitalizarlo para constituir una sociedad?<\/span><\/a><\/h4><\/div><div id=\"8cd9ab74cc93ab3fe\" class=\"panel-collapse collapse \" aria-labelledby=\"toggle_8cd9ab74cc93ab3fe\"><div class=\"panel-body toggle-content fusion-clearfix\">\n<ul>\n<li>Cuando se capitaliza el paro para dar de alta a un aut\u00f3nomo como persona f\u00edsica, hay que aportar una memoria explicativa sobre el proyecto y la inversi\u00f3n que se realizar\u00e1 y, posteriormente, se tiene que justificar esta inversi\u00f3n con las facturas correspondientes y el alta de aut\u00f3nomos. Por lo tanto, habr\u00e1 que acreditar que se ha dispuesto de la totalidad del importe recibido a la capitalizaci\u00f3n, y que este dinero ha sido invertido para iniciar la actividad.<\/li>\n<li>En cambio, cuando se capitaliza el paro para constituir una sociedad, el importe resultante del pago \u00fanico se podr\u00e1 utilizar exclusivamente para hacer la aportaci\u00f3n del capital social de la sociedad, y por tanto, una vez esta haya sido constituida, ya no habr\u00e1 que tener que invertir este importe en la compra de productos o servicios. De este modo, la justificaci\u00f3n de la capitalizaci\u00f3n quedar\u00e1 acreditada sencillamente con la escritura de constituci\u00f3n, porque en esta constar\u00e1 la inversi\u00f3n realizada como capital social.<\/li>\n<\/ul>\n<\/div><\/div><\/div><div class=\"fusion-panel panel-default panel-ceefeae82848a8cf9 fusion-toggle-has-divider\"><div class=\"panel-heading\"><h4 class=\"panel-title toggle\" id=\"toggle_ceefeae82848a8cf9\"><a aria-expanded=\"false\" aria-controls=\"ceefeae82848a8cf9\" role=\"button\" data-toggle=\"collapse\" data-target=\"#ceefeae82848a8cf9\" href=\"#ceefeae82848a8cf9\"><span class=\"fusion-toggle-icon-wrapper\" aria-hidden=\"true\"><i class=\"fa-fusion-box active-icon awb-icon-minus\" aria-hidden=\"true\"><\/i><i class=\"fa-fusion-box inactive-icon awb-icon-plus\" aria-hidden=\"true\"><\/i><\/span><span class=\"fusion-toggle-heading\">\u00bfQu\u00e9 pasa si se capitaliza el paro y antes de 5 a\u00f1os se realiza una baja de aut\u00f3nomos?<\/span><\/a><\/h4><\/div><div id=\"ceefeae82848a8cf9\" class=\"panel-collapse collapse \" aria-labelledby=\"toggle_ceefeae82848a8cf9\"><div class=\"panel-body toggle-content fusion-clearfix\">\n<p>Se tendr\u00e1 que tributar por el valor capitalizado, haciendo una complementaria del ejercicio en que se percibi\u00f3.<\/p>\n<\/div><\/div><\/div><\/div><\/div><div class=\"fusion-text fusion-text-1\" style=\"--awb-text-transform:none;\"><p>Otras dudas de inter\u00e9s:<\/p>\n<ul>\n<li><u><a href=\"https:\/\/www.gestingral.com\/es\/paro\/\">Paro<\/a><\/u><\/li>\n<\/ul>\n<\/div><\/div><\/div><\/div><\/div>\n","protected":false},"excerpt":{"rendered":"","protected":false},"author":16,"featured_media":0,"comment_status":"closed","ping_status":"open","sticky":false,"template":"","format":"standard","meta":{"footnotes":""},"categories":[882],"tags":[927,884,920,747],"class_list":["post-13429","post","type-post","status-publish","format-standard","hentry","category-preguntas-frecuentes","tag-capitalizacion","tag-emprendedores","tag-empresas-de-nueva-creacion","tag-laboral-es"],"yoast_head":"<!-- This site is optimized with the Yoast SEO plugin v27.5 - https:\/\/yoast.com\/product\/yoast-seo-wordpress\/ -->\n<title>\u00bfC\u00f3mo se capitaliza el paro? &#8226; Serveis d&#039;assessoria i gestoria.<\/title>\n<meta name=\"robots\" content=\"index, follow, max-snippet:-1, max-image-preview:large, max-video-preview:-1\" \/>\n<link rel=\"canonical\" href=\"https:\/\/www.gestingral.com\/es\/capitalizacion-del-paro\/\" \/>\n<meta property=\"og:locale\" content=\"es_ES\" \/>\n<meta property=\"og:type\" content=\"article\" \/>\n<meta property=\"og:title\" content=\"\u00bfC\u00f3mo se capitaliza el paro? &#8226; Serveis d&#039;assessoria i gestoria.\" \/>\n<meta property=\"og:url\" content=\"https:\/\/www.gestingral.com\/es\/capitalizacion-del-paro\/\" \/>\n<meta property=\"og:site_name\" content=\"Gestingral Assessoria a Vilanova i la Geltr\u00fa.\" \/>\n<meta property=\"article:publisher\" content=\"https:\/\/www.facebook.com\/Gestingral\" \/>\n<meta property=\"article:published_time\" content=\"2022-02-04T06:00:34+00:00\" \/>\n<meta property=\"article:modified_time\" content=\"2022-02-23T12:24:51+00:00\" \/>\n<meta name=\"author\" content=\"Irene\" \/>\n<meta name=\"twitter:card\" content=\"summary_large_image\" \/>\n<meta name=\"twitter:creator\" content=\"@gestingral\" \/>\n<meta name=\"twitter:site\" content=\"@gestingral\" \/>\n<meta name=\"twitter:label1\" content=\"Escrito por\" \/>\n\t<meta name=\"twitter:data1\" content=\"Irene\" \/>\n\t<meta name=\"twitter:label2\" content=\"Tiempo de lectura\" \/>\n\t<meta name=\"twitter:data2\" content=\"6 minutos\" \/>\n<script type=\"application\/ld+json\" class=\"yoast-schema-graph\">{\"@context\":\"https:\\\/\\\/schema.org\",\"@graph\":[{\"@type\":\"Article\",\"@id\":\"https:\\\/\\\/www.gestingral.com\\\/es\\\/capitalizacion-del-paro\\\/#article\",\"isPartOf\":{\"@id\":\"https:\\\/\\\/www.gestingral.com\\\/es\\\/capitalizacion-del-paro\\\/\"},\"author\":{\"name\":\"Irene\",\"@id\":\"https:\\\/\\\/www.gestingral.com\\\/es\\\/#\\\/schema\\\/person\\\/c70493b2483bff4451f38b9e80b19351\"},\"headline\":\"\u00bfC\u00f3mo se capitaliza el paro?\",\"datePublished\":\"2022-02-04T06:00:34+00:00\",\"dateModified\":\"2022-02-23T12:24:51+00:00\",\"mainEntityOfPage\":{\"@id\":\"https:\\\/\\\/www.gestingral.com\\\/es\\\/capitalizacion-del-paro\\\/\"},\"wordCount\":1263,\"publisher\":{\"@id\":\"https:\\\/\\\/www.gestingral.com\\\/es\\\/#organization\"},\"keywords\":[\"capitalizaci\u00f3n\",\"emprendedores\",\"empresas de nueva creaci\u00f3n\",\"laboral\"],\"articleSection\":[\"FAQS\"],\"inLanguage\":\"es\"},{\"@type\":\"WebPage\",\"@id\":\"https:\\\/\\\/www.gestingral.com\\\/es\\\/capitalizacion-del-paro\\\/\",\"url\":\"https:\\\/\\\/www.gestingral.com\\\/es\\\/capitalizacion-del-paro\\\/\",\"name\":\"\u00bfC\u00f3mo se capitaliza el paro? &#8226; Serveis d'assessoria i gestoria.\",\"isPartOf\":{\"@id\":\"https:\\\/\\\/www.gestingral.com\\\/es\\\/#website\"},\"datePublished\":\"2022-02-04T06:00:34+00:00\",\"dateModified\":\"2022-02-23T12:24:51+00:00\",\"breadcrumb\":{\"@id\":\"https:\\\/\\\/www.gestingral.com\\\/es\\\/capitalizacion-del-paro\\\/#breadcrumb\"},\"inLanguage\":\"es\",\"potentialAction\":[{\"@type\":\"ReadAction\",\"target\":[\"https:\\\/\\\/www.gestingral.com\\\/es\\\/capitalizacion-del-paro\\\/\"]}]},{\"@type\":\"BreadcrumbList\",\"@id\":\"https:\\\/\\\/www.gestingral.com\\\/es\\\/capitalizacion-del-paro\\\/#breadcrumb\",\"itemListElement\":[{\"@type\":\"ListItem\",\"position\":1,\"name\":\"Portada\",\"item\":\"https:\\\/\\\/www.gestingral.com\\\/es\\\/\"},{\"@type\":\"ListItem\",\"position\":2,\"name\":\"\u00bfC\u00f3mo se capitaliza el paro?\"}]},{\"@type\":\"WebSite\",\"@id\":\"https:\\\/\\\/www.gestingral.com\\\/es\\\/#website\",\"url\":\"https:\\\/\\\/www.gestingral.com\\\/es\\\/\",\"name\":\"Gestingral Assessoria a Vilanova i la Geltr\u00fa.\",\"description\":\"Assessors - Consultors - Advocats\",\"publisher\":{\"@id\":\"https:\\\/\\\/www.gestingral.com\\\/es\\\/#organization\"},\"potentialAction\":[{\"@type\":\"SearchAction\",\"target\":{\"@type\":\"EntryPoint\",\"urlTemplate\":\"https:\\\/\\\/www.gestingral.com\\\/es\\\/?s={search_term_string}\"},\"query-input\":{\"@type\":\"PropertyValueSpecification\",\"valueRequired\":true,\"valueName\":\"search_term_string\"}}],\"inLanguage\":\"es\"},{\"@type\":\"Organization\",\"@id\":\"https:\\\/\\\/www.gestingral.com\\\/es\\\/#organization\",\"name\":\"Gestingral Assessoria\",\"url\":\"https:\\\/\\\/www.gestingral.com\\\/es\\\/\",\"logo\":{\"@type\":\"ImageObject\",\"inLanguage\":\"es\",\"@id\":\"https:\\\/\\\/www.gestingral.com\\\/es\\\/#\\\/schema\\\/logo\\\/image\\\/\",\"url\":\"https:\\\/\\\/www.gestingral.com\\\/wp-content\\\/uploads\\\/2021\\\/03\\\/gestingral-logo-retina.png\",\"contentUrl\":\"https:\\\/\\\/www.gestingral.com\\\/wp-content\\\/uploads\\\/2021\\\/03\\\/gestingral-logo-retina.png\",\"width\":340,\"height\":342,\"caption\":\"Gestingral Assessoria\"},\"image\":{\"@id\":\"https:\\\/\\\/www.gestingral.com\\\/es\\\/#\\\/schema\\\/logo\\\/image\\\/\"},\"sameAs\":[\"https:\\\/\\\/www.facebook.com\\\/Gestingral\",\"https:\\\/\\\/x.com\\\/gestingral\",\"https:\\\/\\\/www.instagram.com\\\/gestingral\",\"https:\\\/\\\/www.linkedin.com\\\/company\\\/gestingral\"]},{\"@type\":\"Person\",\"@id\":\"https:\\\/\\\/www.gestingral.com\\\/es\\\/#\\\/schema\\\/person\\\/c70493b2483bff4451f38b9e80b19351\",\"name\":\"Irene\",\"image\":{\"@type\":\"ImageObject\",\"inLanguage\":\"es\",\"@id\":\"https:\\\/\\\/secure.gravatar.com\\\/avatar\\\/92acc064d2af341d91f0af3b25f2ff070ee1cba4f6f3885c92f8dfd20aed8756?s=96&d=mm&r=g\",\"url\":\"https:\\\/\\\/secure.gravatar.com\\\/avatar\\\/92acc064d2af341d91f0af3b25f2ff070ee1cba4f6f3885c92f8dfd20aed8756?s=96&d=mm&r=g\",\"contentUrl\":\"https:\\\/\\\/secure.gravatar.com\\\/avatar\\\/92acc064d2af341d91f0af3b25f2ff070ee1cba4f6f3885c92f8dfd20aed8756?s=96&d=mm&r=g\",\"caption\":\"Irene\"},\"url\":\"https:\\\/\\\/www.gestingral.com\\\/es\\\/author\\\/iperaire\\\/\"}]}<\/script>\n<!-- \/ Yoast SEO plugin. -->","yoast_head_json":{"title":"\u00bfC\u00f3mo se capitaliza el paro? &#8226; Serveis d'assessoria i gestoria.","robots":{"index":"index","follow":"follow","max-snippet":"max-snippet:-1","max-image-preview":"max-image-preview:large","max-video-preview":"max-video-preview:-1"},"canonical":"https:\/\/www.gestingral.com\/es\/capitalizacion-del-paro\/","og_locale":"es_ES","og_type":"article","og_title":"\u00bfC\u00f3mo se capitaliza el paro? &#8226; Serveis d'assessoria i gestoria.","og_url":"https:\/\/www.gestingral.com\/es\/capitalizacion-del-paro\/","og_site_name":"Gestingral Assessoria a Vilanova i la Geltr\u00fa.","article_publisher":"https:\/\/www.facebook.com\/Gestingral","article_published_time":"2022-02-04T06:00:34+00:00","article_modified_time":"2022-02-23T12:24:51+00:00","author":"Irene","twitter_card":"summary_large_image","twitter_creator":"@gestingral","twitter_site":"@gestingral","twitter_misc":{"Escrito por":"Irene","Tiempo de lectura":"6 minutos"},"schema":{"@context":"https:\/\/schema.org","@graph":[{"@type":"Article","@id":"https:\/\/www.gestingral.com\/es\/capitalizacion-del-paro\/#article","isPartOf":{"@id":"https:\/\/www.gestingral.com\/es\/capitalizacion-del-paro\/"},"author":{"name":"Irene","@id":"https:\/\/www.gestingral.com\/es\/#\/schema\/person\/c70493b2483bff4451f38b9e80b19351"},"headline":"\u00bfC\u00f3mo se capitaliza el paro?","datePublished":"2022-02-04T06:00:34+00:00","dateModified":"2022-02-23T12:24:51+00:00","mainEntityOfPage":{"@id":"https:\/\/www.gestingral.com\/es\/capitalizacion-del-paro\/"},"wordCount":1263,"publisher":{"@id":"https:\/\/www.gestingral.com\/es\/#organization"},"keywords":["capitalizaci\u00f3n","emprendedores","empresas de nueva creaci\u00f3n","laboral"],"articleSection":["FAQS"],"inLanguage":"es"},{"@type":"WebPage","@id":"https:\/\/www.gestingral.com\/es\/capitalizacion-del-paro\/","url":"https:\/\/www.gestingral.com\/es\/capitalizacion-del-paro\/","name":"\u00bfC\u00f3mo se capitaliza el paro? &#8226; Serveis d'assessoria i gestoria.","isPartOf":{"@id":"https:\/\/www.gestingral.com\/es\/#website"},"datePublished":"2022-02-04T06:00:34+00:00","dateModified":"2022-02-23T12:24:51+00:00","breadcrumb":{"@id":"https:\/\/www.gestingral.com\/es\/capitalizacion-del-paro\/#breadcrumb"},"inLanguage":"es","potentialAction":[{"@type":"ReadAction","target":["https:\/\/www.gestingral.com\/es\/capitalizacion-del-paro\/"]}]},{"@type":"BreadcrumbList","@id":"https:\/\/www.gestingral.com\/es\/capitalizacion-del-paro\/#breadcrumb","itemListElement":[{"@type":"ListItem","position":1,"name":"Portada","item":"https:\/\/www.gestingral.com\/es\/"},{"@type":"ListItem","position":2,"name":"\u00bfC\u00f3mo se capitaliza el paro?"}]},{"@type":"WebSite","@id":"https:\/\/www.gestingral.com\/es\/#website","url":"https:\/\/www.gestingral.com\/es\/","name":"Gestingral Assessoria a Vilanova i la Geltr\u00fa.","description":"Assessors - Consultors - Advocats","publisher":{"@id":"https:\/\/www.gestingral.com\/es\/#organization"},"potentialAction":[{"@type":"SearchAction","target":{"@type":"EntryPoint","urlTemplate":"https:\/\/www.gestingral.com\/es\/?s={search_term_string}"},"query-input":{"@type":"PropertyValueSpecification","valueRequired":true,"valueName":"search_term_string"}}],"inLanguage":"es"},{"@type":"Organization","@id":"https:\/\/www.gestingral.com\/es\/#organization","name":"Gestingral Assessoria","url":"https:\/\/www.gestingral.com\/es\/","logo":{"@type":"ImageObject","inLanguage":"es","@id":"https:\/\/www.gestingral.com\/es\/#\/schema\/logo\/image\/","url":"https:\/\/www.gestingral.com\/wp-content\/uploads\/2021\/03\/gestingral-logo-retina.png","contentUrl":"https:\/\/www.gestingral.com\/wp-content\/uploads\/2021\/03\/gestingral-logo-retina.png","width":340,"height":342,"caption":"Gestingral Assessoria"},"image":{"@id":"https:\/\/www.gestingral.com\/es\/#\/schema\/logo\/image\/"},"sameAs":["https:\/\/www.facebook.com\/Gestingral","https:\/\/x.com\/gestingral","https:\/\/www.instagram.com\/gestingral","https:\/\/www.linkedin.com\/company\/gestingral"]},{"@type":"Person","@id":"https:\/\/www.gestingral.com\/es\/#\/schema\/person\/c70493b2483bff4451f38b9e80b19351","name":"Irene","image":{"@type":"ImageObject","inLanguage":"es","@id":"https:\/\/secure.gravatar.com\/avatar\/92acc064d2af341d91f0af3b25f2ff070ee1cba4f6f3885c92f8dfd20aed8756?s=96&d=mm&r=g","url":"https:\/\/secure.gravatar.com\/avatar\/92acc064d2af341d91f0af3b25f2ff070ee1cba4f6f3885c92f8dfd20aed8756?s=96&d=mm&r=g","contentUrl":"https:\/\/secure.gravatar.com\/avatar\/92acc064d2af341d91f0af3b25f2ff070ee1cba4f6f3885c92f8dfd20aed8756?s=96&d=mm&r=g","caption":"Irene"},"url":"https:\/\/www.gestingral.com\/es\/author\/iperaire\/"}]}},"_links":{"self":[{"href":"https:\/\/www.gestingral.com\/es\/wp-json\/wp\/v2\/posts\/13429","targetHints":{"allow":["GET"]}}],"collection":[{"href":"https:\/\/www.gestingral.com\/es\/wp-json\/wp\/v2\/posts"}],"about":[{"href":"https:\/\/www.gestingral.com\/es\/wp-json\/wp\/v2\/types\/post"}],"author":[{"embeddable":true,"href":"https:\/\/www.gestingral.com\/es\/wp-json\/wp\/v2\/users\/16"}],"replies":[{"embeddable":true,"href":"https:\/\/www.gestingral.com\/es\/wp-json\/wp\/v2\/comments?post=13429"}],"version-history":[{"count":4,"href":"https:\/\/www.gestingral.com\/es\/wp-json\/wp\/v2\/posts\/13429\/revisions"}],"predecessor-version":[{"id":13617,"href":"https:\/\/www.gestingral.com\/es\/wp-json\/wp\/v2\/posts\/13429\/revisions\/13617"}],"wp:attachment":[{"href":"https:\/\/www.gestingral.com\/es\/wp-json\/wp\/v2\/media?parent=13429"}],"wp:term":[{"taxonomy":"category","embeddable":true,"href":"https:\/\/www.gestingral.com\/es\/wp-json\/wp\/v2\/categories?post=13429"},{"taxonomy":"post_tag","embeddable":true,"href":"https:\/\/www.gestingral.com\/es\/wp-json\/wp\/v2\/tags?post=13429"}],"curies":[{"name":"wp","href":"https:\/\/api.w.org\/{rel}","templated":true}]}}