{"id":13293,"date":"2022-02-04T06:00:56","date_gmt":"2022-02-04T05:00:56","guid":{"rendered":"https:\/\/www.gestingral.com\/?p=13293"},"modified":"2025-03-11T13:50:13","modified_gmt":"2025-03-11T12:50:13","slug":"cuando-se-devuelve-el-importe-de-la-renta-que-plazos-hay","status":"publish","type":"post","link":"https:\/\/www.gestingral.com\/es\/cuando-se-devuelve-el-importe-de-la-renta-que-plazos-hay\/","title":{"rendered":"\u00bfCu\u00e1ndo se devuelve el importe de la renta? \u00bfQu\u00e9 plazos hay?"},"content":{"rendered":"<div class=\"fusion-fullwidth fullwidth-box fusion-builder-row-1 fusion-flex-container nonhundred-percent-fullwidth non-hundred-percent-height-scrolling\" style=\"--awb-border-radius-top-left:0px;--awb-border-radius-top-right:0px;--awb-border-radius-bottom-right:0px;--awb-border-radius-bottom-left:0px;--awb-flex-wrap:wrap;\" ><div class=\"fusion-builder-row fusion-row fusion-flex-align-items-flex-start fusion-flex-content-wrap\" style=\"max-width:1310.4px;margin-left: calc(-4% \/ 2 );margin-right: calc(-4% \/ 2 );\"><div class=\"fusion-layout-column fusion_builder_column fusion-builder-column-0 fusion_builder_column_1_1 1_1 fusion-flex-column\" style=\"--awb-bg-size:cover;--awb-width-large:100%;--awb-margin-top-large:20px;--awb-spacing-right-large:1.92%;--awb-margin-bottom-large:20px;--awb-spacing-left-large:1.92%;--awb-width-medium:100%;--awb-order-medium:0;--awb-spacing-right-medium:1.92%;--awb-spacing-left-medium:1.92%;--awb-width-small:100%;--awb-order-small:0;--awb-spacing-right-small:1.92%;--awb-spacing-left-small:1.92%;\"><div class=\"fusion-column-wrapper fusion-column-has-shadow fusion-flex-justify-content-flex-start fusion-content-layout-column\"><div class=\"fusion-text fusion-text-1\" style=\"--awb-text-transform:none;\"><ul>\n<li data-leveltext=\"o\" data-font=\"Courier New\" data-listid=\"1\" aria-setsize=\"-1\" data-aria-posinset=\"4\" data-aria-level=\"2\"><span data-contrast=\"auto\">El Estado puede devolver el dinero hasta el 31 de diciembre del a\u00f1o en que se ha presentado la declaraci\u00f3n. Por ejemplo, la renta del ejercicio 2024 que se realiza en los meses de abril, mayo y junio 2025, Hacienda podr\u00e1 realizar el retorno hasta el 31 de diciembre de 2025 sin intereses de demora. <\/span><span data-ccp-props=\"{\"> <\/span><\/li>\n<\/ul>\n<ul>\n<li data-leveltext=\"o\" data-font=\"Courier New\" data-listid=\"1\" aria-setsize=\"-1\" data-aria-posinset=\"1\" data-aria-level=\"2\"><span data-contrast=\"auto\">Si no procediera a la devoluci\u00f3n en este per\u00edodo, a partir del 1 de enero del a\u00f1o siguiente, el Estado aplicar\u00e1 intereses de demora a favor del contribuyente, y tendr\u00e1 un per\u00edodo m\u00e1ximo de 4 a\u00f1os para devolver el importe a contar desde el 30 de junio.<\/span><span data-ccp-props=\"{\"> <\/span><\/li>\n<\/ul>\n<\/div><div class=\"fusion-text fusion-text-2\" style=\"--awb-text-transform:none;\"><p><strong>Otros FAQS de inter\u00e9s:<\/strong><\/p>\n<ul>\n<li><u><a href=\"https:\/\/www.gestingral.com\/es\/porque-sale-la-renta-a-pagar\/\"><span class=\"TextRun Highlight BCX2 SCXW228492408\" lang=\"CA-ES\" xml:lang=\"CA-ES\" data-contrast=\"auto\"><span class=\"NormalTextRun BCX2 SCXW228492408\">\u00bfPor qu\u00e9 sale la renta a pagar?<\/span><\/span><\/a><\/u><\/li>\n<\/ul>\n<\/div><\/div><\/div><\/div><\/div>\n","protected":false},"excerpt":{"rendered":"","protected":false},"author":16,"featured_media":0,"comment_status":"closed","ping_status":"open","sticky":false,"template":"","format":"standard","meta":{"footnotes":""},"categories":[882],"tags":[],"class_list":["post-13293","post","type-post","status-publish","format-standard","hentry","category-preguntas-frecuentes"],"yoast_head":"<!-- This site is optimized with the Yoast SEO plugin v27.5 - https:\/\/yoast.com\/product\/yoast-seo-wordpress\/ -->\n<title>\u00bfCu\u00e1ndo se devuelve el importe de la renta? \u00bfQu\u00e9 plazos hay? &#8226; Serveis d&#039;assessoria i gestoria.<\/title>\n<meta name=\"robots\" content=\"index, follow, max-snippet:-1, max-image-preview:large, max-video-preview:-1\" \/>\n<link rel=\"canonical\" href=\"https:\/\/www.gestingral.com\/es\/cuando-se-devuelve-el-importe-de-la-renta-que-plazos-hay\/\" \/>\n<meta property=\"og:locale\" content=\"es_ES\" \/>\n<meta property=\"og:type\" content=\"article\" \/>\n<meta property=\"og:title\" content=\"\u00bfCu\u00e1ndo se devuelve el importe de la renta? \u00bfQu\u00e9 plazos hay? &#8226; Serveis d&#039;assessoria i gestoria.\" \/>\n<meta property=\"og:url\" content=\"https:\/\/www.gestingral.com\/es\/cuando-se-devuelve-el-importe-de-la-renta-que-plazos-hay\/\" \/>\n<meta property=\"og:site_name\" content=\"Gestingral Assessoria a Vilanova i la Geltr\u00fa.\" \/>\n<meta property=\"article:publisher\" content=\"https:\/\/www.facebook.com\/Gestingral\" \/>\n<meta property=\"article:published_time\" content=\"2022-02-04T05:00:56+00:00\" \/>\n<meta property=\"article:modified_time\" content=\"2025-03-11T12:50:13+00:00\" \/>\n<meta name=\"author\" content=\"Irene\" \/>\n<meta name=\"twitter:card\" content=\"summary_large_image\" \/>\n<meta name=\"twitter:creator\" content=\"@gestingral\" \/>\n<meta name=\"twitter:site\" content=\"@gestingral\" \/>\n<meta name=\"twitter:label1\" content=\"Escrito por\" \/>\n\t<meta name=\"twitter:data1\" content=\"Irene\" \/>\n\t<meta name=\"twitter:label2\" content=\"Tiempo de lectura\" \/>\n\t<meta name=\"twitter:data2\" content=\"3 minutos\" \/>\n<script type=\"application\/ld+json\" class=\"yoast-schema-graph\">{\"@context\":\"https:\\\/\\\/schema.org\",\"@graph\":[{\"@type\":\"Article\",\"@id\":\"https:\\\/\\\/www.gestingral.com\\\/es\\\/cuando-se-devuelve-el-importe-de-la-renta-que-plazos-hay\\\/#article\",\"isPartOf\":{\"@id\":\"https:\\\/\\\/www.gestingral.com\\\/es\\\/cuando-se-devuelve-el-importe-de-la-renta-que-plazos-hay\\\/\"},\"author\":{\"name\":\"Irene\",\"@id\":\"https:\\\/\\\/www.gestingral.com\\\/es\\\/#\\\/schema\\\/person\\\/c70493b2483bff4451f38b9e80b19351\"},\"headline\":\"\u00bfCu\u00e1ndo se devuelve el importe de la renta? \u00bfQu\u00e9 plazos hay?\",\"datePublished\":\"2022-02-04T05:00:56+00:00\",\"dateModified\":\"2025-03-11T12:50:13+00:00\",\"mainEntityOfPage\":{\"@id\":\"https:\\\/\\\/www.gestingral.com\\\/es\\\/cuando-se-devuelve-el-importe-de-la-renta-que-plazos-hay\\\/\"},\"wordCount\":839,\"publisher\":{\"@id\":\"https:\\\/\\\/www.gestingral.com\\\/es\\\/#organization\"},\"articleSection\":[\"FAQS\"],\"inLanguage\":\"es\"},{\"@type\":\"WebPage\",\"@id\":\"https:\\\/\\\/www.gestingral.com\\\/es\\\/cuando-se-devuelve-el-importe-de-la-renta-que-plazos-hay\\\/\",\"url\":\"https:\\\/\\\/www.gestingral.com\\\/es\\\/cuando-se-devuelve-el-importe-de-la-renta-que-plazos-hay\\\/\",\"name\":\"\u00bfCu\u00e1ndo se devuelve el importe de la renta? \u00bfQu\u00e9 plazos hay? &#8226; Serveis d'assessoria i gestoria.\",\"isPartOf\":{\"@id\":\"https:\\\/\\\/www.gestingral.com\\\/es\\\/#website\"},\"datePublished\":\"2022-02-04T05:00:56+00:00\",\"dateModified\":\"2025-03-11T12:50:13+00:00\",\"breadcrumb\":{\"@id\":\"https:\\\/\\\/www.gestingral.com\\\/es\\\/cuando-se-devuelve-el-importe-de-la-renta-que-plazos-hay\\\/#breadcrumb\"},\"inLanguage\":\"es\",\"potentialAction\":[{\"@type\":\"ReadAction\",\"target\":[\"https:\\\/\\\/www.gestingral.com\\\/es\\\/cuando-se-devuelve-el-importe-de-la-renta-que-plazos-hay\\\/\"]}]},{\"@type\":\"BreadcrumbList\",\"@id\":\"https:\\\/\\\/www.gestingral.com\\\/es\\\/cuando-se-devuelve-el-importe-de-la-renta-que-plazos-hay\\\/#breadcrumb\",\"itemListElement\":[{\"@type\":\"ListItem\",\"position\":1,\"name\":\"Portada\",\"item\":\"https:\\\/\\\/www.gestingral.com\\\/es\\\/\"},{\"@type\":\"ListItem\",\"position\":2,\"name\":\"\u00bfCu\u00e1ndo se devuelve el importe de la renta? \u00bfQu\u00e9 plazos hay?\"}]},{\"@type\":\"WebSite\",\"@id\":\"https:\\\/\\\/www.gestingral.com\\\/es\\\/#website\",\"url\":\"https:\\\/\\\/www.gestingral.com\\\/es\\\/\",\"name\":\"Gestingral Assessoria a Vilanova i la Geltr\u00fa.\",\"description\":\"Assessors - Consultors - Advocats\",\"publisher\":{\"@id\":\"https:\\\/\\\/www.gestingral.com\\\/es\\\/#organization\"},\"potentialAction\":[{\"@type\":\"SearchAction\",\"target\":{\"@type\":\"EntryPoint\",\"urlTemplate\":\"https:\\\/\\\/www.gestingral.com\\\/es\\\/?s={search_term_string}\"},\"query-input\":{\"@type\":\"PropertyValueSpecification\",\"valueRequired\":true,\"valueName\":\"search_term_string\"}}],\"inLanguage\":\"es\"},{\"@type\":\"Organization\",\"@id\":\"https:\\\/\\\/www.gestingral.com\\\/es\\\/#organization\",\"name\":\"Gestingral Assessoria\",\"url\":\"https:\\\/\\\/www.gestingral.com\\\/es\\\/\",\"logo\":{\"@type\":\"ImageObject\",\"inLanguage\":\"es\",\"@id\":\"https:\\\/\\\/www.gestingral.com\\\/es\\\/#\\\/schema\\\/logo\\\/image\\\/\",\"url\":\"https:\\\/\\\/www.gestingral.com\\\/wp-content\\\/uploads\\\/2021\\\/03\\\/gestingral-logo-retina.png\",\"contentUrl\":\"https:\\\/\\\/www.gestingral.com\\\/wp-content\\\/uploads\\\/2021\\\/03\\\/gestingral-logo-retina.png\",\"width\":340,\"height\":342,\"caption\":\"Gestingral Assessoria\"},\"image\":{\"@id\":\"https:\\\/\\\/www.gestingral.com\\\/es\\\/#\\\/schema\\\/logo\\\/image\\\/\"},\"sameAs\":[\"https:\\\/\\\/www.facebook.com\\\/Gestingral\",\"https:\\\/\\\/x.com\\\/gestingral\",\"https:\\\/\\\/www.instagram.com\\\/gestingral\",\"https:\\\/\\\/www.linkedin.com\\\/company\\\/gestingral\"]},{\"@type\":\"Person\",\"@id\":\"https:\\\/\\\/www.gestingral.com\\\/es\\\/#\\\/schema\\\/person\\\/c70493b2483bff4451f38b9e80b19351\",\"name\":\"Irene\",\"image\":{\"@type\":\"ImageObject\",\"inLanguage\":\"es\",\"@id\":\"https:\\\/\\\/secure.gravatar.com\\\/avatar\\\/92acc064d2af341d91f0af3b25f2ff070ee1cba4f6f3885c92f8dfd20aed8756?s=96&d=mm&r=g\",\"url\":\"https:\\\/\\\/secure.gravatar.com\\\/avatar\\\/92acc064d2af341d91f0af3b25f2ff070ee1cba4f6f3885c92f8dfd20aed8756?s=96&d=mm&r=g\",\"contentUrl\":\"https:\\\/\\\/secure.gravatar.com\\\/avatar\\\/92acc064d2af341d91f0af3b25f2ff070ee1cba4f6f3885c92f8dfd20aed8756?s=96&d=mm&r=g\",\"caption\":\"Irene\"},\"url\":\"https:\\\/\\\/www.gestingral.com\\\/es\\\/author\\\/iperaire\\\/\"}]}<\/script>\n<!-- \/ Yoast SEO plugin. -->","yoast_head_json":{"title":"\u00bfCu\u00e1ndo se devuelve el importe de la renta? \u00bfQu\u00e9 plazos hay? &#8226; Serveis d'assessoria i gestoria.","robots":{"index":"index","follow":"follow","max-snippet":"max-snippet:-1","max-image-preview":"max-image-preview:large","max-video-preview":"max-video-preview:-1"},"canonical":"https:\/\/www.gestingral.com\/es\/cuando-se-devuelve-el-importe-de-la-renta-que-plazos-hay\/","og_locale":"es_ES","og_type":"article","og_title":"\u00bfCu\u00e1ndo se devuelve el importe de la renta? \u00bfQu\u00e9 plazos hay? &#8226; Serveis d'assessoria i gestoria.","og_url":"https:\/\/www.gestingral.com\/es\/cuando-se-devuelve-el-importe-de-la-renta-que-plazos-hay\/","og_site_name":"Gestingral Assessoria a Vilanova i la Geltr\u00fa.","article_publisher":"https:\/\/www.facebook.com\/Gestingral","article_published_time":"2022-02-04T05:00:56+00:00","article_modified_time":"2025-03-11T12:50:13+00:00","author":"Irene","twitter_card":"summary_large_image","twitter_creator":"@gestingral","twitter_site":"@gestingral","twitter_misc":{"Escrito por":"Irene","Tiempo de lectura":"3 minutos"},"schema":{"@context":"https:\/\/schema.org","@graph":[{"@type":"Article","@id":"https:\/\/www.gestingral.com\/es\/cuando-se-devuelve-el-importe-de-la-renta-que-plazos-hay\/#article","isPartOf":{"@id":"https:\/\/www.gestingral.com\/es\/cuando-se-devuelve-el-importe-de-la-renta-que-plazos-hay\/"},"author":{"name":"Irene","@id":"https:\/\/www.gestingral.com\/es\/#\/schema\/person\/c70493b2483bff4451f38b9e80b19351"},"headline":"\u00bfCu\u00e1ndo se devuelve el importe de la renta? \u00bfQu\u00e9 plazos hay?","datePublished":"2022-02-04T05:00:56+00:00","dateModified":"2025-03-11T12:50:13+00:00","mainEntityOfPage":{"@id":"https:\/\/www.gestingral.com\/es\/cuando-se-devuelve-el-importe-de-la-renta-que-plazos-hay\/"},"wordCount":839,"publisher":{"@id":"https:\/\/www.gestingral.com\/es\/#organization"},"articleSection":["FAQS"],"inLanguage":"es"},{"@type":"WebPage","@id":"https:\/\/www.gestingral.com\/es\/cuando-se-devuelve-el-importe-de-la-renta-que-plazos-hay\/","url":"https:\/\/www.gestingral.com\/es\/cuando-se-devuelve-el-importe-de-la-renta-que-plazos-hay\/","name":"\u00bfCu\u00e1ndo se devuelve el importe de la renta? \u00bfQu\u00e9 plazos hay? &#8226; Serveis d'assessoria i gestoria.","isPartOf":{"@id":"https:\/\/www.gestingral.com\/es\/#website"},"datePublished":"2022-02-04T05:00:56+00:00","dateModified":"2025-03-11T12:50:13+00:00","breadcrumb":{"@id":"https:\/\/www.gestingral.com\/es\/cuando-se-devuelve-el-importe-de-la-renta-que-plazos-hay\/#breadcrumb"},"inLanguage":"es","potentialAction":[{"@type":"ReadAction","target":["https:\/\/www.gestingral.com\/es\/cuando-se-devuelve-el-importe-de-la-renta-que-plazos-hay\/"]}]},{"@type":"BreadcrumbList","@id":"https:\/\/www.gestingral.com\/es\/cuando-se-devuelve-el-importe-de-la-renta-que-plazos-hay\/#breadcrumb","itemListElement":[{"@type":"ListItem","position":1,"name":"Portada","item":"https:\/\/www.gestingral.com\/es\/"},{"@type":"ListItem","position":2,"name":"\u00bfCu\u00e1ndo se devuelve el importe de la renta? \u00bfQu\u00e9 plazos hay?"}]},{"@type":"WebSite","@id":"https:\/\/www.gestingral.com\/es\/#website","url":"https:\/\/www.gestingral.com\/es\/","name":"Gestingral Assessoria a Vilanova i la Geltr\u00fa.","description":"Assessors - Consultors - Advocats","publisher":{"@id":"https:\/\/www.gestingral.com\/es\/#organization"},"potentialAction":[{"@type":"SearchAction","target":{"@type":"EntryPoint","urlTemplate":"https:\/\/www.gestingral.com\/es\/?s={search_term_string}"},"query-input":{"@type":"PropertyValueSpecification","valueRequired":true,"valueName":"search_term_string"}}],"inLanguage":"es"},{"@type":"Organization","@id":"https:\/\/www.gestingral.com\/es\/#organization","name":"Gestingral Assessoria","url":"https:\/\/www.gestingral.com\/es\/","logo":{"@type":"ImageObject","inLanguage":"es","@id":"https:\/\/www.gestingral.com\/es\/#\/schema\/logo\/image\/","url":"https:\/\/www.gestingral.com\/wp-content\/uploads\/2021\/03\/gestingral-logo-retina.png","contentUrl":"https:\/\/www.gestingral.com\/wp-content\/uploads\/2021\/03\/gestingral-logo-retina.png","width":340,"height":342,"caption":"Gestingral Assessoria"},"image":{"@id":"https:\/\/www.gestingral.com\/es\/#\/schema\/logo\/image\/"},"sameAs":["https:\/\/www.facebook.com\/Gestingral","https:\/\/x.com\/gestingral","https:\/\/www.instagram.com\/gestingral","https:\/\/www.linkedin.com\/company\/gestingral"]},{"@type":"Person","@id":"https:\/\/www.gestingral.com\/es\/#\/schema\/person\/c70493b2483bff4451f38b9e80b19351","name":"Irene","image":{"@type":"ImageObject","inLanguage":"es","@id":"https:\/\/secure.gravatar.com\/avatar\/92acc064d2af341d91f0af3b25f2ff070ee1cba4f6f3885c92f8dfd20aed8756?s=96&d=mm&r=g","url":"https:\/\/secure.gravatar.com\/avatar\/92acc064d2af341d91f0af3b25f2ff070ee1cba4f6f3885c92f8dfd20aed8756?s=96&d=mm&r=g","contentUrl":"https:\/\/secure.gravatar.com\/avatar\/92acc064d2af341d91f0af3b25f2ff070ee1cba4f6f3885c92f8dfd20aed8756?s=96&d=mm&r=g","caption":"Irene"},"url":"https:\/\/www.gestingral.com\/es\/author\/iperaire\/"}]}},"_links":{"self":[{"href":"https:\/\/www.gestingral.com\/es\/wp-json\/wp\/v2\/posts\/13293","targetHints":{"allow":["GET"]}}],"collection":[{"href":"https:\/\/www.gestingral.com\/es\/wp-json\/wp\/v2\/posts"}],"about":[{"href":"https:\/\/www.gestingral.com\/es\/wp-json\/wp\/v2\/types\/post"}],"author":[{"embeddable":true,"href":"https:\/\/www.gestingral.com\/es\/wp-json\/wp\/v2\/users\/16"}],"replies":[{"embeddable":true,"href":"https:\/\/www.gestingral.com\/es\/wp-json\/wp\/v2\/comments?post=13293"}],"version-history":[{"count":7,"href":"https:\/\/www.gestingral.com\/es\/wp-json\/wp\/v2\/posts\/13293\/revisions"}],"predecessor-version":[{"id":17115,"href":"https:\/\/www.gestingral.com\/es\/wp-json\/wp\/v2\/posts\/13293\/revisions\/17115"}],"wp:attachment":[{"href":"https:\/\/www.gestingral.com\/es\/wp-json\/wp\/v2\/media?parent=13293"}],"wp:term":[{"taxonomy":"category","embeddable":true,"href":"https:\/\/www.gestingral.com\/es\/wp-json\/wp\/v2\/categories?post=13293"},{"taxonomy":"post_tag","embeddable":true,"href":"https:\/\/www.gestingral.com\/es\/wp-json\/wp\/v2\/tags?post=13293"}],"curies":[{"name":"wp","href":"https:\/\/api.w.org\/{rel}","templated":true}]}}