{"id":13238,"date":"2022-01-13T11:49:05","date_gmt":"2022-01-13T10:49:05","guid":{"rendered":"https:\/\/www.gestingral.com\/?p=13238"},"modified":"2022-01-13T11:49:06","modified_gmt":"2022-01-13T10:49:06","slug":"cuantos-anos-se-tienen-que-conservar-las-facturas","status":"publish","type":"post","link":"https:\/\/www.gestingral.com\/es\/cuantos-anos-se-tienen-que-conservar-las-facturas\/","title":{"rendered":"\u00bfCu\u00e1ntos a\u00f1os se tienen que conservar las facturas?"},"content":{"rendered":"<div class=\"fusion-fullwidth fullwidth-box fusion-builder-row-1 fusion-flex-container nonhundred-percent-fullwidth non-hundred-percent-height-scrolling\" style=\"--awb-border-radius-top-left:0px;--awb-border-radius-top-right:0px;--awb-border-radius-bottom-right:0px;--awb-border-radius-bottom-left:0px;--awb-flex-wrap:wrap;\" ><div class=\"fusion-builder-row fusion-row fusion-flex-align-items-flex-start fusion-flex-content-wrap\" style=\"max-width:1310.4px;margin-left: calc(-4% \/ 2 );margin-right: calc(-4% \/ 2 );\"><div class=\"fusion-layout-column fusion_builder_column fusion-builder-column-0 fusion_builder_column_1_1 1_1 fusion-flex-column\" style=\"--awb-bg-size:cover;--awb-width-large:100%;--awb-margin-top-large:20px;--awb-spacing-right-large:1.92%;--awb-margin-bottom-large:20px;--awb-spacing-left-large:1.92%;--awb-width-medium:100%;--awb-order-medium:0;--awb-spacing-right-medium:1.92%;--awb-spacing-left-medium:1.92%;--awb-width-small:100%;--awb-order-small:0;--awb-spacing-right-small:1.92%;--awb-spacing-left-small:1.92%;\"><div class=\"fusion-column-wrapper fusion-column-has-shadow fusion-flex-justify-content-flex-start fusion-content-layout-column\"><div class=\"fusion-text fusion-text-1\" style=\"--awb-text-transform:none;\"><ul>\n<li>4 a\u00f1os desde la liquidaci\u00f3n o autoliquidaci\u00f3n en que toma efectos, es decir, a contar desde el momento en que se produce la \u00faltima presentaci\u00f3n en que aquellas facturas tienen aplicaci\u00f3n. Por ejemplo: una factura del 01\/02\/2020 y que se ha declarado en la renta del ejercicio 2020, que se presenta como m\u00e1ximo el 30\/06\/2021, se tendr\u00e1 que guardar hasta el 30\/06\/2025.<\/li>\n<li>Ilimitadamente si son facturas que han generado bases imponibles negativas y est\u00e1n pendientes de compensar. De modo que, en el ejercicio que se apliquen, empezar\u00e1 a correr el periodo indicado anteriormente. Por lo contrario, mientras resten pendientes de compensaci\u00f3n, se tendr\u00e1 que conservar la documentaci\u00f3n correspondiente.<\/li>\n<li>6 a\u00f1os seg\u00fan el que marca el c\u00f3digo de comercio, todo documento relacionado con una transacci\u00f3n comercial.<\/li>\n<li>Excepci\u00f3n:\n<ul>\n<li>Si hay una interrupci\u00f3n. Ya sea por parte de la administraci\u00f3n, es decir, en caso de haber un requerimiento o inspecci\u00f3n. O por parte del contribuyente, en caso de que se presente un recurso o alegaci\u00f3n de alg\u00fan expediente. Entonces, el plazo de prescripci\u00f3n se inicia de nuevo en el momento en el que se produce el hecho.<\/li>\n<li>Las ganancias patrimoniales de bienes situados en el extranjero. Estos ser\u00e1n imprescriptibles y, por lo tanto, podr\u00e1n sancionarse en el momento de la inspecci\u00f3n, independientemente de cuando se haya producido la ganancia.<\/li>\n<\/ul>\n<\/li>\n<li>Judicialmente, los plazos pueden variar, increment\u00e1ndolos en algunos casos.<\/li>\n<\/ul>\n<\/div><\/div><\/div><\/div><\/div>\n","protected":false},"excerpt":{"rendered":"","protected":false},"author":16,"featured_media":0,"comment_status":"closed","ping_status":"open","sticky":false,"template":"","format":"standard","meta":{"footnotes":""},"categories":[882],"tags":[906],"class_list":["post-13238","post","type-post","status-publish","format-standard","hentry","category-preguntas-frecuentes","tag-documentacion-autonomos-y-sociedades"],"yoast_head":"<!-- This site is optimized with the Yoast SEO plugin v27.5 - https:\/\/yoast.com\/product\/yoast-seo-wordpress\/ -->\n<title>\u00bfCu\u00e1ntos a\u00f1os se tienen que conservar las facturas? &#8226; Serveis d&#039;assessoria i gestoria.<\/title>\n<meta name=\"robots\" content=\"index, follow, max-snippet:-1, max-image-preview:large, max-video-preview:-1\" \/>\n<link rel=\"canonical\" href=\"https:\/\/www.gestingral.com\/es\/cuantos-anos-se-tienen-que-conservar-las-facturas\/\" \/>\n<meta property=\"og:locale\" content=\"es_ES\" \/>\n<meta property=\"og:type\" content=\"article\" \/>\n<meta property=\"og:title\" content=\"\u00bfCu\u00e1ntos a\u00f1os se tienen que conservar las facturas? &#8226; Serveis d&#039;assessoria i gestoria.\" \/>\n<meta property=\"og:url\" content=\"https:\/\/www.gestingral.com\/es\/cuantos-anos-se-tienen-que-conservar-las-facturas\/\" \/>\n<meta property=\"og:site_name\" content=\"Gestingral Assessoria a Vilanova i la Geltr\u00fa.\" \/>\n<meta property=\"article:publisher\" content=\"https:\/\/www.facebook.com\/Gestingral\" \/>\n<meta property=\"article:published_time\" content=\"2022-01-13T10:49:05+00:00\" \/>\n<meta property=\"article:modified_time\" content=\"2022-01-13T10:49:06+00:00\" \/>\n<meta name=\"author\" content=\"Irene\" \/>\n<meta name=\"twitter:card\" content=\"summary_large_image\" \/>\n<meta name=\"twitter:creator\" content=\"@gestingral\" \/>\n<meta name=\"twitter:site\" content=\"@gestingral\" \/>\n<meta name=\"twitter:label1\" content=\"Escrito por\" \/>\n\t<meta name=\"twitter:data1\" content=\"Irene\" \/>\n\t<meta name=\"twitter:label2\" content=\"Tiempo de lectura\" \/>\n\t<meta name=\"twitter:data2\" content=\"4 minutos\" \/>\n<script type=\"application\/ld+json\" class=\"yoast-schema-graph\">{\"@context\":\"https:\\\/\\\/schema.org\",\"@graph\":[{\"@type\":\"Article\",\"@id\":\"https:\\\/\\\/www.gestingral.com\\\/es\\\/cuantos-anos-se-tienen-que-conservar-las-facturas\\\/#article\",\"isPartOf\":{\"@id\":\"https:\\\/\\\/www.gestingral.com\\\/es\\\/cuantos-anos-se-tienen-que-conservar-las-facturas\\\/\"},\"author\":{\"name\":\"Irene\",\"@id\":\"https:\\\/\\\/www.gestingral.com\\\/es\\\/#\\\/schema\\\/person\\\/c70493b2483bff4451f38b9e80b19351\"},\"headline\":\"\u00bfCu\u00e1ntos a\u00f1os se tienen que conservar las facturas?\",\"datePublished\":\"2022-01-13T10:49:05+00:00\",\"dateModified\":\"2022-01-13T10:49:06+00:00\",\"mainEntityOfPage\":{\"@id\":\"https:\\\/\\\/www.gestingral.com\\\/es\\\/cuantos-anos-se-tienen-que-conservar-las-facturas\\\/\"},\"wordCount\":874,\"publisher\":{\"@id\":\"https:\\\/\\\/www.gestingral.com\\\/es\\\/#organization\"},\"keywords\":[\"DOCUMENTACI\u00d3N AUT\u00d3NOMOS Y SOCIEDADES\"],\"articleSection\":[\"FAQS\"],\"inLanguage\":\"es\"},{\"@type\":\"WebPage\",\"@id\":\"https:\\\/\\\/www.gestingral.com\\\/es\\\/cuantos-anos-se-tienen-que-conservar-las-facturas\\\/\",\"url\":\"https:\\\/\\\/www.gestingral.com\\\/es\\\/cuantos-anos-se-tienen-que-conservar-las-facturas\\\/\",\"name\":\"\u00bfCu\u00e1ntos a\u00f1os se tienen que conservar las facturas? &#8226; Serveis d'assessoria i gestoria.\",\"isPartOf\":{\"@id\":\"https:\\\/\\\/www.gestingral.com\\\/es\\\/#website\"},\"datePublished\":\"2022-01-13T10:49:05+00:00\",\"dateModified\":\"2022-01-13T10:49:06+00:00\",\"breadcrumb\":{\"@id\":\"https:\\\/\\\/www.gestingral.com\\\/es\\\/cuantos-anos-se-tienen-que-conservar-las-facturas\\\/#breadcrumb\"},\"inLanguage\":\"es\",\"potentialAction\":[{\"@type\":\"ReadAction\",\"target\":[\"https:\\\/\\\/www.gestingral.com\\\/es\\\/cuantos-anos-se-tienen-que-conservar-las-facturas\\\/\"]}]},{\"@type\":\"BreadcrumbList\",\"@id\":\"https:\\\/\\\/www.gestingral.com\\\/es\\\/cuantos-anos-se-tienen-que-conservar-las-facturas\\\/#breadcrumb\",\"itemListElement\":[{\"@type\":\"ListItem\",\"position\":1,\"name\":\"Portada\",\"item\":\"https:\\\/\\\/www.gestingral.com\\\/es\\\/\"},{\"@type\":\"ListItem\",\"position\":2,\"name\":\"\u00bfCu\u00e1ntos a\u00f1os se tienen que conservar las facturas?\"}]},{\"@type\":\"WebSite\",\"@id\":\"https:\\\/\\\/www.gestingral.com\\\/es\\\/#website\",\"url\":\"https:\\\/\\\/www.gestingral.com\\\/es\\\/\",\"name\":\"Gestingral Assessoria a Vilanova i la Geltr\u00fa.\",\"description\":\"Assessors - Consultors - Advocats\",\"publisher\":{\"@id\":\"https:\\\/\\\/www.gestingral.com\\\/es\\\/#organization\"},\"potentialAction\":[{\"@type\":\"SearchAction\",\"target\":{\"@type\":\"EntryPoint\",\"urlTemplate\":\"https:\\\/\\\/www.gestingral.com\\\/es\\\/?s={search_term_string}\"},\"query-input\":{\"@type\":\"PropertyValueSpecification\",\"valueRequired\":true,\"valueName\":\"search_term_string\"}}],\"inLanguage\":\"es\"},{\"@type\":\"Organization\",\"@id\":\"https:\\\/\\\/www.gestingral.com\\\/es\\\/#organization\",\"name\":\"Gestingral Assessoria\",\"url\":\"https:\\\/\\\/www.gestingral.com\\\/es\\\/\",\"logo\":{\"@type\":\"ImageObject\",\"inLanguage\":\"es\",\"@id\":\"https:\\\/\\\/www.gestingral.com\\\/es\\\/#\\\/schema\\\/logo\\\/image\\\/\",\"url\":\"https:\\\/\\\/www.gestingral.com\\\/wp-content\\\/uploads\\\/2021\\\/03\\\/gestingral-logo-retina.png\",\"contentUrl\":\"https:\\\/\\\/www.gestingral.com\\\/wp-content\\\/uploads\\\/2021\\\/03\\\/gestingral-logo-retina.png\",\"width\":340,\"height\":342,\"caption\":\"Gestingral Assessoria\"},\"image\":{\"@id\":\"https:\\\/\\\/www.gestingral.com\\\/es\\\/#\\\/schema\\\/logo\\\/image\\\/\"},\"sameAs\":[\"https:\\\/\\\/www.facebook.com\\\/Gestingral\",\"https:\\\/\\\/x.com\\\/gestingral\",\"https:\\\/\\\/www.instagram.com\\\/gestingral\",\"https:\\\/\\\/www.linkedin.com\\\/company\\\/gestingral\"]},{\"@type\":\"Person\",\"@id\":\"https:\\\/\\\/www.gestingral.com\\\/es\\\/#\\\/schema\\\/person\\\/c70493b2483bff4451f38b9e80b19351\",\"name\":\"Irene\",\"image\":{\"@type\":\"ImageObject\",\"inLanguage\":\"es\",\"@id\":\"https:\\\/\\\/secure.gravatar.com\\\/avatar\\\/92acc064d2af341d91f0af3b25f2ff070ee1cba4f6f3885c92f8dfd20aed8756?s=96&d=mm&r=g\",\"url\":\"https:\\\/\\\/secure.gravatar.com\\\/avatar\\\/92acc064d2af341d91f0af3b25f2ff070ee1cba4f6f3885c92f8dfd20aed8756?s=96&d=mm&r=g\",\"contentUrl\":\"https:\\\/\\\/secure.gravatar.com\\\/avatar\\\/92acc064d2af341d91f0af3b25f2ff070ee1cba4f6f3885c92f8dfd20aed8756?s=96&d=mm&r=g\",\"caption\":\"Irene\"},\"url\":\"https:\\\/\\\/www.gestingral.com\\\/es\\\/author\\\/iperaire\\\/\"}]}<\/script>\n<!-- \/ Yoast SEO plugin. -->","yoast_head_json":{"title":"\u00bfCu\u00e1ntos a\u00f1os se tienen que conservar las facturas? &#8226; Serveis d'assessoria i gestoria.","robots":{"index":"index","follow":"follow","max-snippet":"max-snippet:-1","max-image-preview":"max-image-preview:large","max-video-preview":"max-video-preview:-1"},"canonical":"https:\/\/www.gestingral.com\/es\/cuantos-anos-se-tienen-que-conservar-las-facturas\/","og_locale":"es_ES","og_type":"article","og_title":"\u00bfCu\u00e1ntos a\u00f1os se tienen que conservar las facturas? &#8226; Serveis d'assessoria i gestoria.","og_url":"https:\/\/www.gestingral.com\/es\/cuantos-anos-se-tienen-que-conservar-las-facturas\/","og_site_name":"Gestingral Assessoria a Vilanova i la Geltr\u00fa.","article_publisher":"https:\/\/www.facebook.com\/Gestingral","article_published_time":"2022-01-13T10:49:05+00:00","article_modified_time":"2022-01-13T10:49:06+00:00","author":"Irene","twitter_card":"summary_large_image","twitter_creator":"@gestingral","twitter_site":"@gestingral","twitter_misc":{"Escrito por":"Irene","Tiempo de lectura":"4 minutos"},"schema":{"@context":"https:\/\/schema.org","@graph":[{"@type":"Article","@id":"https:\/\/www.gestingral.com\/es\/cuantos-anos-se-tienen-que-conservar-las-facturas\/#article","isPartOf":{"@id":"https:\/\/www.gestingral.com\/es\/cuantos-anos-se-tienen-que-conservar-las-facturas\/"},"author":{"name":"Irene","@id":"https:\/\/www.gestingral.com\/es\/#\/schema\/person\/c70493b2483bff4451f38b9e80b19351"},"headline":"\u00bfCu\u00e1ntos a\u00f1os se tienen que conservar las facturas?","datePublished":"2022-01-13T10:49:05+00:00","dateModified":"2022-01-13T10:49:06+00:00","mainEntityOfPage":{"@id":"https:\/\/www.gestingral.com\/es\/cuantos-anos-se-tienen-que-conservar-las-facturas\/"},"wordCount":874,"publisher":{"@id":"https:\/\/www.gestingral.com\/es\/#organization"},"keywords":["DOCUMENTACI\u00d3N AUT\u00d3NOMOS Y SOCIEDADES"],"articleSection":["FAQS"],"inLanguage":"es"},{"@type":"WebPage","@id":"https:\/\/www.gestingral.com\/es\/cuantos-anos-se-tienen-que-conservar-las-facturas\/","url":"https:\/\/www.gestingral.com\/es\/cuantos-anos-se-tienen-que-conservar-las-facturas\/","name":"\u00bfCu\u00e1ntos a\u00f1os se tienen que conservar las facturas? &#8226; Serveis d'assessoria i gestoria.","isPartOf":{"@id":"https:\/\/www.gestingral.com\/es\/#website"},"datePublished":"2022-01-13T10:49:05+00:00","dateModified":"2022-01-13T10:49:06+00:00","breadcrumb":{"@id":"https:\/\/www.gestingral.com\/es\/cuantos-anos-se-tienen-que-conservar-las-facturas\/#breadcrumb"},"inLanguage":"es","potentialAction":[{"@type":"ReadAction","target":["https:\/\/www.gestingral.com\/es\/cuantos-anos-se-tienen-que-conservar-las-facturas\/"]}]},{"@type":"BreadcrumbList","@id":"https:\/\/www.gestingral.com\/es\/cuantos-anos-se-tienen-que-conservar-las-facturas\/#breadcrumb","itemListElement":[{"@type":"ListItem","position":1,"name":"Portada","item":"https:\/\/www.gestingral.com\/es\/"},{"@type":"ListItem","position":2,"name":"\u00bfCu\u00e1ntos a\u00f1os se tienen que conservar las facturas?"}]},{"@type":"WebSite","@id":"https:\/\/www.gestingral.com\/es\/#website","url":"https:\/\/www.gestingral.com\/es\/","name":"Gestingral Assessoria a Vilanova i la Geltr\u00fa.","description":"Assessors - Consultors - Advocats","publisher":{"@id":"https:\/\/www.gestingral.com\/es\/#organization"},"potentialAction":[{"@type":"SearchAction","target":{"@type":"EntryPoint","urlTemplate":"https:\/\/www.gestingral.com\/es\/?s={search_term_string}"},"query-input":{"@type":"PropertyValueSpecification","valueRequired":true,"valueName":"search_term_string"}}],"inLanguage":"es"},{"@type":"Organization","@id":"https:\/\/www.gestingral.com\/es\/#organization","name":"Gestingral Assessoria","url":"https:\/\/www.gestingral.com\/es\/","logo":{"@type":"ImageObject","inLanguage":"es","@id":"https:\/\/www.gestingral.com\/es\/#\/schema\/logo\/image\/","url":"https:\/\/www.gestingral.com\/wp-content\/uploads\/2021\/03\/gestingral-logo-retina.png","contentUrl":"https:\/\/www.gestingral.com\/wp-content\/uploads\/2021\/03\/gestingral-logo-retina.png","width":340,"height":342,"caption":"Gestingral Assessoria"},"image":{"@id":"https:\/\/www.gestingral.com\/es\/#\/schema\/logo\/image\/"},"sameAs":["https:\/\/www.facebook.com\/Gestingral","https:\/\/x.com\/gestingral","https:\/\/www.instagram.com\/gestingral","https:\/\/www.linkedin.com\/company\/gestingral"]},{"@type":"Person","@id":"https:\/\/www.gestingral.com\/es\/#\/schema\/person\/c70493b2483bff4451f38b9e80b19351","name":"Irene","image":{"@type":"ImageObject","inLanguage":"es","@id":"https:\/\/secure.gravatar.com\/avatar\/92acc064d2af341d91f0af3b25f2ff070ee1cba4f6f3885c92f8dfd20aed8756?s=96&d=mm&r=g","url":"https:\/\/secure.gravatar.com\/avatar\/92acc064d2af341d91f0af3b25f2ff070ee1cba4f6f3885c92f8dfd20aed8756?s=96&d=mm&r=g","contentUrl":"https:\/\/secure.gravatar.com\/avatar\/92acc064d2af341d91f0af3b25f2ff070ee1cba4f6f3885c92f8dfd20aed8756?s=96&d=mm&r=g","caption":"Irene"},"url":"https:\/\/www.gestingral.com\/es\/author\/iperaire\/"}]}},"_links":{"self":[{"href":"https:\/\/www.gestingral.com\/es\/wp-json\/wp\/v2\/posts\/13238","targetHints":{"allow":["GET"]}}],"collection":[{"href":"https:\/\/www.gestingral.com\/es\/wp-json\/wp\/v2\/posts"}],"about":[{"href":"https:\/\/www.gestingral.com\/es\/wp-json\/wp\/v2\/types\/post"}],"author":[{"embeddable":true,"href":"https:\/\/www.gestingral.com\/es\/wp-json\/wp\/v2\/users\/16"}],"replies":[{"embeddable":true,"href":"https:\/\/www.gestingral.com\/es\/wp-json\/wp\/v2\/comments?post=13238"}],"version-history":[{"count":1,"href":"https:\/\/www.gestingral.com\/es\/wp-json\/wp\/v2\/posts\/13238\/revisions"}],"predecessor-version":[{"id":13239,"href":"https:\/\/www.gestingral.com\/es\/wp-json\/wp\/v2\/posts\/13238\/revisions\/13239"}],"wp:attachment":[{"href":"https:\/\/www.gestingral.com\/es\/wp-json\/wp\/v2\/media?parent=13238"}],"wp:term":[{"taxonomy":"category","embeddable":true,"href":"https:\/\/www.gestingral.com\/es\/wp-json\/wp\/v2\/categories?post=13238"},{"taxonomy":"post_tag","embeddable":true,"href":"https:\/\/www.gestingral.com\/es\/wp-json\/wp\/v2\/tags?post=13238"}],"curies":[{"name":"wp","href":"https:\/\/api.w.org\/{rel}","templated":true}]}}